{"id":49191,"date":"2018-01-24T08:34:35","date_gmt":"2018-01-24T06:34:35","guid":{"rendered":"https:\/\/www.giurgiuveanul.ro\/stiri\/?p=49191"},"modified":"2018-01-24T08:40:37","modified_gmt":"2018-01-24T06:40:37","slug":"votul-si-propria-constiinta","status":"publish","type":"post","link":"https:\/\/www.giurgiuveanul.ro\/stiri\/votul-si-propria-constiinta\/","title":{"rendered":"VOTUL \u015fi PROPRIA CON\u015eTIIN\u0162\u0102"},"content":{"rendered":"<p style=\"text-align: justify;\"><strong><a href=\"https:\/\/www.giurgiuveanul.ro\/stiri\/wp-content\/uploads\/2018\/01\/votul.png\"><img loading=\"lazy\" decoding=\"async\" class=\"aligncenter size-large wp-image-49192\" src=\"https:\/\/www.giurgiuveanul.ro\/stiri\/wp-content\/uploads\/2018\/01\/votul-560x333.png\" alt=\"votul\" width=\"560\" height=\"333\" srcset=\"https:\/\/www.giurgiuveanul.ro\/stiri\/wp-content\/uploads\/2018\/01\/votul-560x333.png 560w, https:\/\/www.giurgiuveanul.ro\/stiri\/wp-content\/uploads\/2018\/01\/votul-250x148.png 250w, https:\/\/www.giurgiuveanul.ro\/stiri\/wp-content\/uploads\/2018\/01\/votul-400x238.png 400w, https:\/\/www.giurgiuveanul.ro\/stiri\/wp-content\/uploads\/2018\/01\/votul.png 800w\" sizes=\"auto, (max-width: 560px) 100vw, 560px\" \/><\/a>*VOT,\u00a0<\/strong><!--more--><em>voturi,<\/em>\u00a0s. n.\u00a0 A se vedea DEX-<\/p>\n<p style=\"text-align: justify;\">**\u00cen Dex DICTATURA este definit\u0103\u00a0 astfel: <a href=\"http:\/\/dexro.ro\/definitii\/dictatur%C4%83\">DICTAT\u00daR\u0102,<\/a>\u00a0<em>dictaturi,<\/em>\u00a0s. f.\u00a01.\u00a0(\u00cen Roma antic\u0103) Demnitatea, puterea, autoritatea exercitat\u0103 de un dictator.\u00a02.\u00a0Institu\u021bie politic\u0103, putere de stat \u00een care o persoan\u0103 (sau un grup de persoane) este \u00eenvestit\u0103 cu autoritate nelimitat\u0103 prin legi \u0219i adesea bazat\u0103 pe violen\u021b\u0103. \u2666\u00a0<em>Dictatura proletariatului<\/em>\u00a0= concept din filozofia marxist\u0103 care preconiza exercitarea puterii de stat de c\u0103tre proletariat \u00een perioada cuprins\u0103 \u00eentre revolu\u021bia socialist\u0103 \u0219i instaurarea societ\u0103\u021bii socialiste. \u2013 Din\u00a0fr.\u00a0dictature,\u00a0lat.\u00a0Dictatura<\/p>\n<p style=\"text-align: justify;\">*** Vot dup\u0103 <strong>propria con\u015ftiin\u0163\u0103<\/strong>, .spun liderii de partid \u00een anumite situa\u0163ii! S\u0103 \u00een\u0163elegem c\u0103 \u00een alte situa\u0163ii nu \u0163in seama\u00a0 de <strong>propria con\u015ftiin\u0163\u0103<\/strong>? \u015ei voteaz\u0103 dup\u0103 cum li se cere? De c\u0103tre cine \u015fi \u00een ce scop?<\/p>\n<p style=\"text-align: justify;\">Am v\u0103zut la telvizor situa\u0163ii hilare: de\u015fi votul este secret, ale\u015fii o fac cu bilele la vedere, parc\u0103 pentru a dovedi c\u0103 nu se abat de la porunca primit\u0103. Ba mai mult, am v\u0103zut cum observatori de serviciu urm\u0103resc dac\u0103 ale\u015fii introduc voturile \u00een urna indicat\u0103!!!<\/p>\n<p style=\"text-align: justify;\">Libertatea de con\u015ftiin\u0163\u0103 este total\u0103 c\u00e2nd alesul trece de la o forma\u0163iune la alta, de\u015fi el a primit investitura \u00een numele altei forma\u0163iuni politice!<\/p>\n<p style=\"text-align: justify;\">\u00cen situa\u0163ia \u00een care simte c\u0103 nu se mai identific\u0103 cu motiva\u0163ia pentru care a primit votul, este liber s\u0103 procedeze dup\u0103 <strong>propria con\u015ftiin\u0163\u0103<\/strong>, dar firesc este s\u0103 renun\u0163e la investitura c\u00e2\u015ftigat\u0103 prin vot! Traseismul politic este \u00een\u015fel\u0103toria electoratului, \u015fi se face totdeauna dintr-un interes pervers, personal sau de grup!<\/p>\n<p style=\"text-align: justify;\">Am v\u0103zut acum c\u00e2teva zile ale\u015fi care declarau seara , de\u015fi nu li se cerea s\u0103 o fac\u0103, o anumit\u0103 orientare, pentru ca a doua zi, s\u0103 voteze tocmai invers!<\/p>\n<p style=\"text-align: justify;\">C\u00e2nd a operat <strong>propria con\u015ftiin\u0163\u0103:<\/strong> c\u00e2nd a m\u0103rturisit pe bune cum va vota sau c\u00e2nd, r\u0103spunz\u00e2nd unei comenzi, a votat pentru contra?<\/p>\n<p style=\"text-align: justify;\">Profit\u00e2nd de faptul c\u0103 satul rom\u00e2nesc nu mai are niciun Mo\u015f Ion Roat\u0103\u00a0 care, \u00een aparen\u0163a unor vorbe aruncate-n dodii, dar cu \u00een\u0163elepciunea unei limbi ascu\u0163ite, s\u0103 declare precum o fac eu acum :-Nu \u00een\u0163eleg , boierule, iar\u00a0 Moromete, care declar\u0103 c\u0103 a dus o via\u0163\u0103 independent\u0103 \u015fi am\u0103r\u00e2t c\u0103 fier\u0103ria lui Iocan nu mai este, \u00ee\u015fi mai v\u0103rsa \u015fi el n\u0103duful, se arat\u0103 \u00eengrijorat de b\u0103ie\u0163i : ultima oar\u0103 \u015ftia c\u0103 sunt pe undeva, prin Spania, la adunat de c\u0103p\u015funi, ale\u015fii procedeaz\u0103 &#8230;dup\u0103 <strong><em>propria con\u015ftiin\u0163\u0103<\/em><\/strong>!?<\/p>\n<p style=\"text-align: justify;\"><a href=\"https:\/\/www.giurgiuveanul.ro\/stiri\/wp-content\/uploads\/2018\/01\/Ilie-Moromete.png\"><img loading=\"lazy\" decoding=\"async\" class=\"aligncenter size-large wp-image-49193\" src=\"https:\/\/www.giurgiuveanul.ro\/stiri\/wp-content\/uploads\/2018\/01\/Ilie-Moromete-560x327.png\" alt=\"Ilie-Moromete\" width=\"560\" height=\"327\" srcset=\"https:\/\/www.giurgiuveanul.ro\/stiri\/wp-content\/uploads\/2018\/01\/Ilie-Moromete-560x327.png 560w, https:\/\/www.giurgiuveanul.ro\/stiri\/wp-content\/uploads\/2018\/01\/Ilie-Moromete-250x146.png 250w, https:\/\/www.giurgiuveanul.ro\/stiri\/wp-content\/uploads\/2018\/01\/Ilie-Moromete-400x234.png 400w, https:\/\/www.giurgiuveanul.ro\/stiri\/wp-content\/uploads\/2018\/01\/Ilie-Moromete.png 655w\" sizes=\"auto, (max-width: 560px) 100vw, 560px\" \/><\/a><\/p>\n<p style=\"text-align: justify;\">Avem\u00a0 motive, totu\u015fi, s\u0103 ne m\u00e2ndrim: <strong>la 24 ianuarie 1862 se oficializeaz\u0103 numele de Rom\u00e2nia, la insisten\u0163a lui Alexandru Ioan Cuza, iar Constitu\u0163ia din 1 iulie 1866, \u00een primul articol, consfin\u0163e\u015fte pentru totdeauna numele de ROM\u00c2MIA.<\/strong><\/p>\n<p style=\"text-align: justify;\">Eminescu saluta evenimentul scriind poezia:<\/p>\n<p style=\"text-align: justify;\">\u00a0<em>CE-\u0162I DORESC EU \u0162IE,DULCE ROM\u00c2NIE<\/em><\/p>\n<p style=\"text-align: justify;\"><em>\u0162ARA MEA DE GLORII, \u0162ARA MEA DE DOR<\/em><\/p>\n<p style=\"text-align: justify;\"><em>&#8230;<\/em><\/p>\n<p style=\"text-align: justify;\"><em>LA TRECUTU-\u0162I MARE,MARE VIITOR!<\/em><\/p>\n<p style=\"text-align: justify;\"><em>&#8230;<\/em><\/p>\n<p style=\"text-align: justify;\"><em>DULCE ROM\u00c2NIE, ASTA \u0162I-O DORESC!<\/em><\/p>\n<p style=\"text-align: center;\">Miercuri, 24 ianuarie 2018: Aten\u0163ie al\u0103turi de cine v\u0103 prinde\u0163i \u00een HORA UNIRII!<\/p>\n<p style=\"text-align: center;\">Gh. C,<\/p>\n<p style=\"text-align: center;\">Not\u0103: S\u0103 fie problema<strong> propriei\u00a0 con\u015ftiin\u0163e <\/strong>doar o treab\u0103 de vocabular?<\/p>\n","protected":false},"excerpt":{"rendered":"<p>*VOT,\u00a0<\/p>\n","protected":false},"author":1,"featured_media":0,"comment_status":"open","ping_status":"open","sticky":false,"template":"","format":"standard","meta":{"footnotes":""},"categories":[21],"tags":[],"class_list":["post-49191","post","type-post","status-publish","format-standard","hentry","category-opinia-mea"],"_links":{"self":[{"href":"https:\/\/www.giurgiuveanul.ro\/stiri\/wp-json\/wp\/v2\/posts\/49191","targetHints":{"allow":["GET"]}}],"collection":[{"href":"https:\/\/www.giurgiuveanul.ro\/stiri\/wp-json\/wp\/v2\/posts"}],"about":[{"href":"https:\/\/www.giurgiuveanul.ro\/stiri\/wp-json\/wp\/v2\/types\/post"}],"author":[{"embeddable":true,"href":"https:\/\/www.giurgiuveanul.ro\/stiri\/wp-json\/wp\/v2\/users\/1"}],"replies":[{"embeddable":true,"href":"https:\/\/www.giurgiuveanul.ro\/stiri\/wp-json\/wp\/v2\/comments?post=49191"}],"version-history":[{"count":0,"href":"https:\/\/www.giurgiuveanul.ro\/stiri\/wp-json\/wp\/v2\/posts\/49191\/revisions"}],"wp:attachment":[{"href":"https:\/\/www.giurgiuveanul.ro\/stiri\/wp-json\/wp\/v2\/media?parent=49191"}],"wp:term":[{"taxonomy":"category","embeddable":true,"href":"https:\/\/www.giurgiuveanul.ro\/stiri\/wp-json\/wp\/v2\/categories?post=49191"},{"taxonomy":"post_tag","embeddable":true,"href":"https:\/\/www.giurgiuveanul.ro\/stiri\/wp-json\/wp\/v2\/tags?post=49191"}],"curies":[{"name":"wp","href":"https:\/\/api.w.org\/{rel}","templated":true}]}}