{"id":49207,"date":"2018-01-24T12:40:49","date_gmt":"2018-01-24T10:40:49","guid":{"rendered":"https:\/\/www.giurgiuveanul.ro\/stiri\/?p=49207"},"modified":"2018-01-24T12:40:49","modified_gmt":"2018-01-24T10:40:49","slug":"accident-rutier-soldat-cu-victima-5","status":"publish","type":"post","link":"https:\/\/www.giurgiuveanul.ro\/stiri\/accident-rutier-soldat-cu-victima-5\/","title":{"rendered":"Accident rutier soldat cu o victim\u0103!"},"content":{"rendered":"<p style=\"text-align: justify;\"><strong><a href=\"https:\/\/www.giurgiuveanul.ro\/stiri\/wp-content\/uploads\/2018\/01\/IMG_3717-2.jpg\"><img loading=\"lazy\" decoding=\"async\" class=\"aligncenter size-large wp-image-49208\" src=\"https:\/\/www.giurgiuveanul.ro\/stiri\/wp-content\/uploads\/2018\/01\/IMG_3717-2-536x450.jpg\" alt=\"IMG_3717-2\" width=\"536\" height=\"450\" srcset=\"https:\/\/www.giurgiuveanul.ro\/stiri\/wp-content\/uploads\/2018\/01\/IMG_3717-2-536x450.jpg 536w, https:\/\/www.giurgiuveanul.ro\/stiri\/wp-content\/uploads\/2018\/01\/IMG_3717-2-250x210.jpg 250w, https:\/\/www.giurgiuveanul.ro\/stiri\/wp-content\/uploads\/2018\/01\/IMG_3717-2-400x336.jpg 400w, https:\/\/www.giurgiuveanul.ro\/stiri\/wp-content\/uploads\/2018\/01\/IMG_3717-2.jpg 800w\" sizes=\"auto, (max-width: 536px) 100vw, 536px\" \/><\/a>O persoan\u0103 <!--more-->a fost r\u0103nit\u0103 \u00een urma unui accident rutier produs de conduc\u0103torul unui autoturism pe Drumul Na\u021bional 5C, \u00een localitatea Slobozia, pe fondul neasigur\u0103rii la schimbarea direc\u021biei de mers.\u00a0<\/strong><\/p>\n<p style=\"text-align: justify;\">Un b\u0103rbat de 59 ani, din municipiul Giurgiu, \u00een timp ce conducea un autoturism pe Drumul Na\u021bional 5 C, \u00een localitatea Slobozia, nu s-a asigurat la schimbarea direc\u021biei de mers \u0219i a intrat \u00een coliziune cu un autoturism condus de un b\u0103rbat de 49 de ani, din municipiul Giurgiu, care se angajase regulamentar \u00een dep\u0103\u0219irea sa.<\/p>\n<p style=\"text-align: justify;\">\u00cen urma accidentului a rezultat r\u0103nirea conduc\u0103torului auto de 59 ani, din municipiul Giurgiu care a fost transportat la Spitalul Jude\u021bean de Urgen\u021b\u0103 Giurgiu, unde i-au fost acordate \u00eengrijiri medicale.<\/p>\n<p style=\"text-align: justify;\">Conduc\u0103torii celor dou\u0103 vehicule implicate, au fost testa\u021bi cu aparatul etilotest, rezultatul fiind negativ (zero alcool \u00een aerul expirat).<\/p>\n<p style=\"text-align: justify;\">Poli\u021bi\u0219tii au deschis \u00een cauz\u0103 un dosar \u00een care se efectueaz\u0103 cercet\u0103ri sub aspectul s\u0103v\u00e2r\u0219irii infrac\u021biunii de v\u0103t\u0103mare corporal\u0103 din culp\u0103.<\/p>\n","protected":false},"excerpt":{"rendered":"<p>O persoan\u0103<\/p>\n","protected":false},"author":1,"featured_media":0,"comment_status":"open","ping_status":"open","sticky":false,"template":"","format":"standard","meta":{"footnotes":""},"categories":[6],"tags":[],"class_list":["post-49207","post","type-post","status-publish","format-standard","hentry","category-breaking-news"],"_links":{"self":[{"href":"https:\/\/www.giurgiuveanul.ro\/stiri\/wp-json\/wp\/v2\/posts\/49207","targetHints":{"allow":["GET"]}}],"collection":[{"href":"https:\/\/www.giurgiuveanul.ro\/stiri\/wp-json\/wp\/v2\/posts"}],"about":[{"href":"https:\/\/www.giurgiuveanul.ro\/stiri\/wp-json\/wp\/v2\/types\/post"}],"author":[{"embeddable":true,"href":"https:\/\/www.giurgiuveanul.ro\/stiri\/wp-json\/wp\/v2\/users\/1"}],"replies":[{"embeddable":true,"href":"https:\/\/www.giurgiuveanul.ro\/stiri\/wp-json\/wp\/v2\/comments?post=49207"}],"version-history":[{"count":0,"href":"https:\/\/www.giurgiuveanul.ro\/stiri\/wp-json\/wp\/v2\/posts\/49207\/revisions"}],"wp:attachment":[{"href":"https:\/\/www.giurgiuveanul.ro\/stiri\/wp-json\/wp\/v2\/media?parent=49207"}],"wp:term":[{"taxonomy":"category","embeddable":true,"href":"https:\/\/www.giurgiuveanul.ro\/stiri\/wp-json\/wp\/v2\/categories?post=49207"},{"taxonomy":"post_tag","embeddable":true,"href":"https:\/\/www.giurgiuveanul.ro\/stiri\/wp-json\/wp\/v2\/tags?post=49207"}],"curies":[{"name":"wp","href":"https:\/\/api.w.org\/{rel}","templated":true}]}}