{"id":49227,"date":"2018-01-25T15:10:30","date_gmt":"2018-01-25T13:10:30","guid":{"rendered":"https:\/\/www.giurgiuveanul.ro\/stiri\/?p=49227"},"modified":"2018-01-26T08:36:07","modified_gmt":"2018-01-26T06:36:07","slug":"accident-rutier-consulul-bulgariei-in-stare-gravadupa-ce-s-a-rasturnat-cu-masina-pe-dn5-foto","status":"publish","type":"post","link":"https:\/\/www.giurgiuveanul.ro\/stiri\/accident-rutier-consulul-bulgariei-in-stare-gravadupa-ce-s-a-rasturnat-cu-masina-pe-dn5-foto\/","title":{"rendered":"ACCIDENT RUTIER! Consulul Bulgariei, \u00een stare grav\u0103, dup\u0103 ce s-a r\u0103sturnat cu ma\u0219ina pe DN5 (FOTO)"},"content":{"rendered":"<p style=\"text-align: justify;\"><a href=\"https:\/\/www.giurgiuveanul.ro\/stiri\/wp-content\/uploads\/2018\/01\/IMG-20180125-WA0003.jpg\"><img loading=\"lazy\" decoding=\"async\" class=\"aligncenter size-large wp-image-49228\" src=\"https:\/\/www.giurgiuveanul.ro\/stiri\/wp-content\/uploads\/2018\/01\/IMG-20180125-WA0003-560x392.jpg\" alt=\"IMG-20180125-WA0003\" width=\"560\" height=\"392\" srcset=\"https:\/\/www.giurgiuveanul.ro\/stiri\/wp-content\/uploads\/2018\/01\/IMG-20180125-WA0003-560x392.jpg 560w, https:\/\/www.giurgiuveanul.ro\/stiri\/wp-content\/uploads\/2018\/01\/IMG-20180125-WA0003-250x175.jpg 250w, https:\/\/www.giurgiuveanul.ro\/stiri\/wp-content\/uploads\/2018\/01\/IMG-20180125-WA0003-400x280.jpg 400w, https:\/\/www.giurgiuveanul.ro\/stiri\/wp-content\/uploads\/2018\/01\/IMG-20180125-WA0003.jpg 800w\" sizes=\"auto, (max-width: 560px) 100vw, 560px\" \/><\/a><strong>Consulul onorific al Bulgariei la Bucure\u0219ti a fost implicat ast\u0103zi,\u00a0 \u00een jurul orei <!--more-->11.57, \u00a0\u00eentr-un accident rutier pe DN5, \u00een localitatea Aduna\u021bii Cop\u0103ceni din jude\u021bul Giurgiu. <\/strong><\/p>\n<p style=\"text-align: justify;\">Aflat la volanul unui Peugeot, b\u0103rbatul de 32 de ani, care se deplasa c\u0103tre Bucure\u0219ti, nu a adaptat viteza \u00eentr-o curb\u0103, a pierdut controlul volanului \u0219i s-a r\u0103sturnat cu autoturismul \u00eentr-un \u0219an\u021b \u00een afara p\u0103r\u021bii carosabile.<\/p>\n<p style=\"text-align: justify;\"><a href=\"https:\/\/www.giurgiuveanul.ro\/stiri\/wp-content\/uploads\/2018\/01\/accident-11.jpg\"><img loading=\"lazy\" decoding=\"async\" class=\"aligncenter size-large wp-image-49229\" src=\"https:\/\/www.giurgiuveanul.ro\/stiri\/wp-content\/uploads\/2018\/01\/accident-11-560x390.jpg\" alt=\"accident 1\" width=\"560\" height=\"390\" srcset=\"https:\/\/www.giurgiuveanul.ro\/stiri\/wp-content\/uploads\/2018\/01\/accident-11-560x390.jpg 560w, https:\/\/www.giurgiuveanul.ro\/stiri\/wp-content\/uploads\/2018\/01\/accident-11-250x174.jpg 250w, https:\/\/www.giurgiuveanul.ro\/stiri\/wp-content\/uploads\/2018\/01\/accident-11-400x279.jpg 400w, https:\/\/www.giurgiuveanul.ro\/stiri\/wp-content\/uploads\/2018\/01\/accident-11.jpg 800w\" sizes=\"auto, (max-width: 560px) 100vw, 560px\" \/><\/a><\/p>\n<p style=\"text-align: justify;\"><a href=\"https:\/\/www.giurgiuveanul.ro\/stiri\/wp-content\/uploads\/2018\/01\/IMG-20180125-WA0005.jpg\"><img loading=\"lazy\" decoding=\"async\" class=\"aligncenter size-large wp-image-49230\" src=\"https:\/\/www.giurgiuveanul.ro\/stiri\/wp-content\/uploads\/2018\/01\/IMG-20180125-WA0005-560x447.jpg\" alt=\"IMG-20180125-WA0005\" width=\"560\" height=\"447\" srcset=\"https:\/\/www.giurgiuveanul.ro\/stiri\/wp-content\/uploads\/2018\/01\/IMG-20180125-WA0005-560x447.jpg 560w, https:\/\/www.giurgiuveanul.ro\/stiri\/wp-content\/uploads\/2018\/01\/IMG-20180125-WA0005-250x200.jpg 250w, https:\/\/www.giurgiuveanul.ro\/stiri\/wp-content\/uploads\/2018\/01\/IMG-20180125-WA0005-400x320.jpg 400w, https:\/\/www.giurgiuveanul.ro\/stiri\/wp-content\/uploads\/2018\/01\/IMG-20180125-WA0005.jpg 800w\" sizes=\"auto, (max-width: 560px) 100vw, 560px\" \/><\/a><\/p>\n<p style=\"text-align: justify;\">Consulul a r\u0103mas \u00eencarcerat \u00eentre fiarele contorsionate, participan\u021bii la trafic intervenind pentru scoaterea sa din autoturism. B\u0103rbatul a fost preluat de o ambulan\u021b\u0103 de la SAJ Giurgiu si transportat la Spitalul <strong>&#8222;Bagdasar Arseni&#8221;<\/strong> din Bucure\u0219ti.<\/p>\n<p style=\"text-align: justify;\">Potrivit purt\u0103torului de cuv\u00e2nt al SAJ Giurgiu, Rodica C\u0103r\u0103ba\u0219, b\u0103rbatul avea politraumatisme prin accident rutier \u0219i traumatism cranio cerebral major.<\/p>\n","protected":false},"excerpt":{"rendered":"<p>Consulul onorific al Bulgariei la Bucure\u0219ti a fost implicat ast\u0103zi,\u00a0 \u00een jurul orei<\/p>\n","protected":false},"author":1,"featured_media":0,"comment_status":"open","ping_status":"open","sticky":false,"template":"","format":"standard","meta":{"footnotes":""},"categories":[6],"tags":[],"class_list":["post-49227","post","type-post","status-publish","format-standard","hentry","category-breaking-news"],"_links":{"self":[{"href":"https:\/\/www.giurgiuveanul.ro\/stiri\/wp-json\/wp\/v2\/posts\/49227","targetHints":{"allow":["GET"]}}],"collection":[{"href":"https:\/\/www.giurgiuveanul.ro\/stiri\/wp-json\/wp\/v2\/posts"}],"about":[{"href":"https:\/\/www.giurgiuveanul.ro\/stiri\/wp-json\/wp\/v2\/types\/post"}],"author":[{"embeddable":true,"href":"https:\/\/www.giurgiuveanul.ro\/stiri\/wp-json\/wp\/v2\/users\/1"}],"replies":[{"embeddable":true,"href":"https:\/\/www.giurgiuveanul.ro\/stiri\/wp-json\/wp\/v2\/comments?post=49227"}],"version-history":[{"count":0,"href":"https:\/\/www.giurgiuveanul.ro\/stiri\/wp-json\/wp\/v2\/posts\/49227\/revisions"}],"wp:attachment":[{"href":"https:\/\/www.giurgiuveanul.ro\/stiri\/wp-json\/wp\/v2\/media?parent=49227"}],"wp:term":[{"taxonomy":"category","embeddable":true,"href":"https:\/\/www.giurgiuveanul.ro\/stiri\/wp-json\/wp\/v2\/categories?post=49227"},{"taxonomy":"post_tag","embeddable":true,"href":"https:\/\/www.giurgiuveanul.ro\/stiri\/wp-json\/wp\/v2\/tags?post=49227"}],"curies":[{"name":"wp","href":"https:\/\/api.w.org\/{rel}","templated":true}]}}