{"id":49233,"date":"2018-01-25T15:33:10","date_gmt":"2018-01-25T13:33:10","guid":{"rendered":"https:\/\/www.giurgiuveanul.ro\/stiri\/?p=49233"},"modified":"2018-01-25T16:10:27","modified_gmt":"2018-01-25T14:10:27","slug":"accident-rutier-grav-cu-mai-multe-victime-la-malu-foto","status":"publish","type":"post","link":"https:\/\/www.giurgiuveanul.ro\/stiri\/accident-rutier-grav-cu-mai-multe-victime-la-malu-foto\/","title":{"rendered":"ACCIDENT RUTIER GRAV, cu mai multe victime, la Malu! (FOTO)"},"content":{"rendered":"<p style=\"text-align: justify;\"><strong><a href=\"https:\/\/www.giurgiuveanul.ro\/stiri\/wp-content\/uploads\/2018\/01\/IMG-20180125-WA0014.jpg\"><img loading=\"lazy\" decoding=\"async\" class=\"aligncenter size-large wp-image-49234\" src=\"https:\/\/www.giurgiuveanul.ro\/stiri\/wp-content\/uploads\/2018\/01\/IMG-20180125-WA0014-560x431.jpg\" alt=\"IMG-20180125-WA0014\" width=\"560\" height=\"431\" srcset=\"https:\/\/www.giurgiuveanul.ro\/stiri\/wp-content\/uploads\/2018\/01\/IMG-20180125-WA0014-560x431.jpg 560w, https:\/\/www.giurgiuveanul.ro\/stiri\/wp-content\/uploads\/2018\/01\/IMG-20180125-WA0014-250x192.jpg 250w, https:\/\/www.giurgiuveanul.ro\/stiri\/wp-content\/uploads\/2018\/01\/IMG-20180125-WA0014-400x308.jpg 400w, https:\/\/www.giurgiuveanul.ro\/stiri\/wp-content\/uploads\/2018\/01\/IMG-20180125-WA0014.jpg 800w\" sizes=\"auto, (max-width: 560px) 100vw, 560px\" \/><\/a><\/strong><\/p>\n<p style=\"text-align: justify;\"><strong>Trei <!--more-->adul\u021bi \u0219i doi copii din Vedea, care se aflau \u00eentr-un BMW, au ajuns la spital dup\u0103 ce ma\u0219ina \u00een care se aflau a lovit un autoturism Volkswagen, informeaz\u0103 reprezentantul IPJ Giurgiu.<\/strong><\/p>\n<p style=\"text-align: justify;\">Accidentul rutier a avut loc \u00een aceast\u0103 dup\u0103 amiaz\u0103, pe DN5 C, la Malu.<\/p>\n<p style=\"text-align: justify;\">Un b\u0103rbat de 56 de ani, din Malu, care conducea un Volkswagen, s-a angajat \u00een efectuarea unui viraj la dreapta pentru a intra pe o podi\u0219c\u0103, fiind lovit \u00een partea din spate de un autoturism BMW, condus de un b\u0103rbat de 34 de ani, din Vedea.<\/p>\n<p style=\"text-align: justify;\"><a href=\"https:\/\/www.giurgiuveanul.ro\/stiri\/wp-content\/uploads\/2018\/01\/IMG-20180125-WA0011.jpg\"><img loading=\"lazy\" decoding=\"async\" class=\"aligncenter size-large wp-image-49238\" src=\"https:\/\/www.giurgiuveanul.ro\/stiri\/wp-content\/uploads\/2018\/01\/IMG-20180125-WA0011-493x450.jpg\" alt=\"IMG-20180125-WA0011\" width=\"493\" height=\"450\" srcset=\"https:\/\/www.giurgiuveanul.ro\/stiri\/wp-content\/uploads\/2018\/01\/IMG-20180125-WA0011-493x450.jpg 493w, https:\/\/www.giurgiuveanul.ro\/stiri\/wp-content\/uploads\/2018\/01\/IMG-20180125-WA0011-250x228.jpg 250w, https:\/\/www.giurgiuveanul.ro\/stiri\/wp-content\/uploads\/2018\/01\/IMG-20180125-WA0011-400x365.jpg 400w, https:\/\/www.giurgiuveanul.ro\/stiri\/wp-content\/uploads\/2018\/01\/IMG-20180125-WA0011.jpg 800w\" sizes=\"auto, (max-width: 493px) 100vw, 493px\" \/><\/a><\/p>\n<p style=\"text-align: justify;\">\u00cen urma impactului, BMW-ul a fost proiectat \u00eentr-un cap de pod, pasagerii acestuia, trei adul\u021bi \u0219i doi copii, au fost r\u0103ni\u021bi, fiind transporta\u021bi la spital cu ambulan\u021bele SAJ.<\/p>\n<p style=\"text-align: justify;\"><strong>\u00a0<\/strong><\/p>\n","protected":false},"excerpt":{"rendered":"<p>Trei<\/p>\n","protected":false},"author":1,"featured_media":0,"comment_status":"open","ping_status":"open","sticky":false,"template":"","format":"standard","meta":{"footnotes":""},"categories":[6],"tags":[],"class_list":["post-49233","post","type-post","status-publish","format-standard","hentry","category-breaking-news"],"_links":{"self":[{"href":"https:\/\/www.giurgiuveanul.ro\/stiri\/wp-json\/wp\/v2\/posts\/49233","targetHints":{"allow":["GET"]}}],"collection":[{"href":"https:\/\/www.giurgiuveanul.ro\/stiri\/wp-json\/wp\/v2\/posts"}],"about":[{"href":"https:\/\/www.giurgiuveanul.ro\/stiri\/wp-json\/wp\/v2\/types\/post"}],"author":[{"embeddable":true,"href":"https:\/\/www.giurgiuveanul.ro\/stiri\/wp-json\/wp\/v2\/users\/1"}],"replies":[{"embeddable":true,"href":"https:\/\/www.giurgiuveanul.ro\/stiri\/wp-json\/wp\/v2\/comments?post=49233"}],"version-history":[{"count":0,"href":"https:\/\/www.giurgiuveanul.ro\/stiri\/wp-json\/wp\/v2\/posts\/49233\/revisions"}],"wp:attachment":[{"href":"https:\/\/www.giurgiuveanul.ro\/stiri\/wp-json\/wp\/v2\/media?parent=49233"}],"wp:term":[{"taxonomy":"category","embeddable":true,"href":"https:\/\/www.giurgiuveanul.ro\/stiri\/wp-json\/wp\/v2\/categories?post=49233"},{"taxonomy":"post_tag","embeddable":true,"href":"https:\/\/www.giurgiuveanul.ro\/stiri\/wp-json\/wp\/v2\/tags?post=49233"}],"curies":[{"name":"wp","href":"https:\/\/api.w.org\/{rel}","templated":true}]}}