{"id":49256,"date":"2018-01-26T09:11:14","date_gmt":"2018-01-26T07:11:14","guid":{"rendered":"https:\/\/www.giurgiuveanul.ro\/stiri\/?p=49256"},"modified":"2018-01-26T09:18:52","modified_gmt":"2018-01-26T07:18:52","slug":"ipj-giurgiu-cum-avut-loc-accidentul-de-la-malu","status":"publish","type":"post","link":"https:\/\/www.giurgiuveanul.ro\/stiri\/ipj-giurgiu-cum-avut-loc-accidentul-de-la-malu\/","title":{"rendered":"IPJ Giurgiu: cum a avut loc accidentul de la Malu"},"content":{"rendered":"<p style=\"text-align: justify;\"><a href=\"https:\/\/www.giurgiuveanul.ro\/stiri\/wp-content\/uploads\/2018\/01\/IMG-20180125-WA0011.jpg\"><img loading=\"lazy\" decoding=\"async\" class=\"aligncenter size-large wp-image-49238\" src=\"https:\/\/www.giurgiuveanul.ro\/stiri\/wp-content\/uploads\/2018\/01\/IMG-20180125-WA0011-493x450.jpg\" alt=\"IMG-20180125-WA0011\" width=\"493\" height=\"450\" srcset=\"https:\/\/www.giurgiuveanul.ro\/stiri\/wp-content\/uploads\/2018\/01\/IMG-20180125-WA0011-493x450.jpg 493w, https:\/\/www.giurgiuveanul.ro\/stiri\/wp-content\/uploads\/2018\/01\/IMG-20180125-WA0011-250x228.jpg 250w, https:\/\/www.giurgiuveanul.ro\/stiri\/wp-content\/uploads\/2018\/01\/IMG-20180125-WA0011-400x365.jpg 400w, https:\/\/www.giurgiuveanul.ro\/stiri\/wp-content\/uploads\/2018\/01\/IMG-20180125-WA0011.jpg 800w\" sizes=\"auto, (max-width: 493px) 100vw, 493px\" \/><\/a>Potrivit purt\u0103torului de cuv\u00e2nt al Inspectoratului de Poli\u0163ie Jude\u0163ean (IPJ) Giurgiu, <strong>comisar \u0219ef Cristian \u0218u\u021b\u0103<\/strong>, accidentul rutier de la Malu<!--more--> s-a produs \u00een timp ce \u0219oferul Volkswagen-ului, un b\u0103rbat de 57 de ani, efectua un viraj la dreapta pentru a p\u0103trunde pe o podisc\u0103, a fost lovit de un BMW, care venea din spate \u0219i al c\u0103rui \u0219ofer a \u00eencercat s\u0103 dep\u0103\u0219easc\u0103 neregulamentar pe partea dreapt\u0103. \u00cen urma impactului, BMW-ul a fost proiectat \u00eentr-un cap de pod.<\/p>\n<p style=\"text-align: justify;\">Au rezultat cinci victime, \u0219oferul BMW-ului, un b\u0103rbat de 24 de ani, o minor\u0103 de patru ani, care a fost r\u0103nit\u0103 grav, o alt\u0103 minor\u0103 de cinci ani, r\u0103nit\u0103 u\u0219or, un t\u00e2n\u0103r de 17 ani \u0219i o t\u00e2n\u0103r\u0103 de 29 de ani, \u0219i ace\u0219tia fiind r\u0103ni\u021bi u\u0219or. Toate victimele se aflau \u00een BMW.<\/p>\n<p style=\"text-align: justify;\">Cei doi conduc\u0103tori auto nu se aflau sub influen\u021ba alcoolului, potrivit test\u0103rii effectuate de poli\u021bi\u0219ti.<\/p>\n<p style=\"text-align: justify;\">\u00cen cauz\u0103 a fost \u00eentocmit <strong>dosar penal pentru v\u0103t\u0103mare corporal\u0103 din culp\u0103<\/strong>.<\/p>\n","protected":false},"excerpt":{"rendered":"<p>Potrivit purt\u0103torului de cuv\u00e2nt al Inspectoratului de Poli\u0163ie Jude\u0163ean (IPJ) Giurgiu, comisar \u0219ef Cristian \u0218u\u021b\u0103, accidentul rutier de la Malu<\/p>\n","protected":false},"author":1,"featured_media":0,"comment_status":"open","ping_status":"open","sticky":false,"template":"","format":"standard","meta":{"footnotes":""},"categories":[6],"tags":[],"class_list":["post-49256","post","type-post","status-publish","format-standard","hentry","category-breaking-news"],"_links":{"self":[{"href":"https:\/\/www.giurgiuveanul.ro\/stiri\/wp-json\/wp\/v2\/posts\/49256","targetHints":{"allow":["GET"]}}],"collection":[{"href":"https:\/\/www.giurgiuveanul.ro\/stiri\/wp-json\/wp\/v2\/posts"}],"about":[{"href":"https:\/\/www.giurgiuveanul.ro\/stiri\/wp-json\/wp\/v2\/types\/post"}],"author":[{"embeddable":true,"href":"https:\/\/www.giurgiuveanul.ro\/stiri\/wp-json\/wp\/v2\/users\/1"}],"replies":[{"embeddable":true,"href":"https:\/\/www.giurgiuveanul.ro\/stiri\/wp-json\/wp\/v2\/comments?post=49256"}],"version-history":[{"count":0,"href":"https:\/\/www.giurgiuveanul.ro\/stiri\/wp-json\/wp\/v2\/posts\/49256\/revisions"}],"wp:attachment":[{"href":"https:\/\/www.giurgiuveanul.ro\/stiri\/wp-json\/wp\/v2\/media?parent=49256"}],"wp:term":[{"taxonomy":"category","embeddable":true,"href":"https:\/\/www.giurgiuveanul.ro\/stiri\/wp-json\/wp\/v2\/categories?post=49256"},{"taxonomy":"post_tag","embeddable":true,"href":"https:\/\/www.giurgiuveanul.ro\/stiri\/wp-json\/wp\/v2\/tags?post=49256"}],"curies":[{"name":"wp","href":"https:\/\/api.w.org\/{rel}","templated":true}]}}