{"id":49267,"date":"2018-01-26T20:12:39","date_gmt":"2018-01-26T18:12:39","guid":{"rendered":"https:\/\/www.giurgiuveanul.ro\/stiri\/?p=49267"},"modified":"2018-01-26T20:12:39","modified_gmt":"2018-01-26T18:12:39","slug":"pieton-accidentat-usor-in-timp-ce-se-deplasa-pe-partea-carosabila","status":"publish","type":"post","link":"https:\/\/www.giurgiuveanul.ro\/stiri\/pieton-accidentat-usor-in-timp-ce-se-deplasa-pe-partea-carosabila\/","title":{"rendered":"Pieton accidentat u\u0219or&#8230; \u00een timp ce se deplasa pe partea carosabil\u0103"},"content":{"rendered":"<p style=\"text-align: justify;\"><strong><a href=\"https:\/\/www.giurgiuveanul.ro\/stiri\/wp-content\/uploads\/2018\/01\/IMG_4399.jpg\"><img loading=\"lazy\" decoding=\"async\" class=\"aligncenter size-large wp-image-49269\" src=\"https:\/\/www.giurgiuveanul.ro\/stiri\/wp-content\/uploads\/2018\/01\/IMG_4399-543x450.jpg\" alt=\"IMG_4399\" width=\"543\" height=\"450\" srcset=\"https:\/\/www.giurgiuveanul.ro\/stiri\/wp-content\/uploads\/2018\/01\/IMG_4399-543x450.jpg 543w, https:\/\/www.giurgiuveanul.ro\/stiri\/wp-content\/uploads\/2018\/01\/IMG_4399-250x207.jpg 250w, https:\/\/www.giurgiuveanul.ro\/stiri\/wp-content\/uploads\/2018\/01\/IMG_4399-400x332.jpg 400w, https:\/\/www.giurgiuveanul.ro\/stiri\/wp-content\/uploads\/2018\/01\/IMG_4399.jpg 800w\" sizes=\"auto, (max-width: 543px) 100vw, 543px\" \/><\/a>Un giurgiuvean este cercetat de poli\u021bi\u0219ti dup\u0103 ce a accidentat un pieton care se deplasa pe partea carosabil\u0103.<\/strong><\/p>\n<p style=\"text-align: justify;\">Un giurgiuvean de <!--more-->72 ani, din municipiul Giurgiu, \u00een timp ce conducea o autoutilitar\u0103 pe strada Viespilor din municipiul Giurgiu, a accidentat u\u0219or o persoan\u0103 de genul feminin de 65 ani, pieton care se deplasa pe partea carosabil\u0103.<\/p>\n<p style=\"text-align: justify;\">Victima a fost transportat\u0103 la Spitalul Jude\u021bean de Urgen\u021b\u0103 Giurgiu pentru acordarea de \u00eengrijiri medicale \u0219i investiga\u021bii de specialitate.<\/p>\n<p style=\"text-align: justify;\">Conduc\u0103torul autoutilitarei a fost testat cu aparatul etilotest, rezultatul fiind zero alcool \u00een aerul expirat.<\/p>\n<p style=\"text-align: justify;\">\u00cen cauz\u0103 a fost \u00eentocmit un dosar penal \u00een care se efectueaz\u0103 cercet\u0103ri sub aspectul s\u0103v\u00e2r\u0219irii infrac\u021biunii de v\u0103t\u0103mare corporala din culp\u0103.<\/p>\n","protected":false},"excerpt":{"rendered":"<p>Un giurgiuvean este cercetat de poli\u021bi\u0219ti dup\u0103 ce a accidentat un pieton care se deplasa pe partea carosabil\u0103. Un giurgiuvean de<\/p>\n","protected":false},"author":1,"featured_media":0,"comment_status":"open","ping_status":"open","sticky":false,"template":"","format":"standard","meta":{"footnotes":""},"categories":[6],"tags":[],"class_list":["post-49267","post","type-post","status-publish","format-standard","hentry","category-breaking-news"],"_links":{"self":[{"href":"https:\/\/www.giurgiuveanul.ro\/stiri\/wp-json\/wp\/v2\/posts\/49267","targetHints":{"allow":["GET"]}}],"collection":[{"href":"https:\/\/www.giurgiuveanul.ro\/stiri\/wp-json\/wp\/v2\/posts"}],"about":[{"href":"https:\/\/www.giurgiuveanul.ro\/stiri\/wp-json\/wp\/v2\/types\/post"}],"author":[{"embeddable":true,"href":"https:\/\/www.giurgiuveanul.ro\/stiri\/wp-json\/wp\/v2\/users\/1"}],"replies":[{"embeddable":true,"href":"https:\/\/www.giurgiuveanul.ro\/stiri\/wp-json\/wp\/v2\/comments?post=49267"}],"version-history":[{"count":0,"href":"https:\/\/www.giurgiuveanul.ro\/stiri\/wp-json\/wp\/v2\/posts\/49267\/revisions"}],"wp:attachment":[{"href":"https:\/\/www.giurgiuveanul.ro\/stiri\/wp-json\/wp\/v2\/media?parent=49267"}],"wp:term":[{"taxonomy":"category","embeddable":true,"href":"https:\/\/www.giurgiuveanul.ro\/stiri\/wp-json\/wp\/v2\/categories?post=49267"},{"taxonomy":"post_tag","embeddable":true,"href":"https:\/\/www.giurgiuveanul.ro\/stiri\/wp-json\/wp\/v2\/tags?post=49267"}],"curies":[{"name":"wp","href":"https:\/\/api.w.org\/{rel}","templated":true}]}}