{"id":49295,"date":"2018-01-28T12:21:07","date_gmt":"2018-01-28T10:21:07","guid":{"rendered":"https:\/\/www.giurgiuveanul.ro\/stiri\/?p=49295"},"modified":"2018-01-28T13:48:16","modified_gmt":"2018-01-28T11:48:16","slug":"ceata-in-mare-parte-din-tara-ce-urmeaza-vezi-aici","status":"publish","type":"post","link":"https:\/\/www.giurgiuveanul.ro\/stiri\/ceata-in-mare-parte-din-tara-ce-urmeaza-vezi-aici\/","title":{"rendered":"Cea\u0163\u0103 \u00een mare parte din \u0163ar\u0103. Ce urmeaz\u0103&#8230; VEZI AICI"},"content":{"rendered":"<div class=\"lead-articol\">\n<p><a href=\"https:\/\/www.giurgiuveanul.ro\/stiri\/wp-content\/uploads\/2018\/01\/IMG_4920.jpg\"><img loading=\"lazy\" decoding=\"async\" class=\"aligncenter size-large wp-image-49296\" src=\"https:\/\/www.giurgiuveanul.ro\/stiri\/wp-content\/uploads\/2018\/01\/IMG_4920-560x405.jpg\" alt=\"IMG_4920\" width=\"560\" height=\"405\" srcset=\"https:\/\/www.giurgiuveanul.ro\/stiri\/wp-content\/uploads\/2018\/01\/IMG_4920-560x405.jpg 560w, https:\/\/www.giurgiuveanul.ro\/stiri\/wp-content\/uploads\/2018\/01\/IMG_4920-250x181.jpg 250w, https:\/\/www.giurgiuveanul.ro\/stiri\/wp-content\/uploads\/2018\/01\/IMG_4920-400x289.jpg 400w, https:\/\/www.giurgiuveanul.ro\/stiri\/wp-content\/uploads\/2018\/01\/IMG_4920.jpg 800w\" sizes=\"auto, (max-width: 560px) 100vw, 560px\" \/><\/a><\/p>\n<\/div>\n<p style=\"text-align: justify;\"><strong>Administra\u021bia Na\u021bional\u0103 de Meteorologie a emis o avertizare COD GALBEN de CEA\u021a\u0102 pentru\u00a0 jude\u021bele: Alba, Sibiu, Covasna, Harghita, Bra\u0219ov, Dolj, V\u00e2lcea, Olt, Gorj, Buz\u0103u, Br\u0103ila, Ialomi\u021ba, Teleorman, <span style=\"color: #ff0000;\">Giurgiu,<\/span> C\u0103l\u0103ra\u0219i, Constan\u021ba, Tulcea, Timi\u0219 \u015fi Arad. Fenomenul este asociat cu depuneri de chiciur\u0103.<\/strong><\/p>\n<p style=\"text-align: justify;\">Ast\u0103zi norii<!--more--> se \u00eenmul\u0163esc \u00een vest, nord \u015fi centru, pe unde e posibil s\u0103 cad\u0103 c\u00e2\u0163iva stropi. \u00cen rest a\u015ftept\u0103m vreme frumoas\u0103; dar acum, diminea\u0163a, ceata domina o mare parte a \u0163\u0103rii.<\/p>\n<p style=\"text-align: justify;\">Este cea\u0163\u0103 la \u00eenceputul zilei; dar mai t\u00e2rziu avem atmosfera \u00eensorit\u0103 \u015fi un pic mai cald\u0103 dec\u00e2t ieri. Maximele ajung pe la 6&#8230;7 grade.<\/p>\n<p style=\"text-align: justify;\">Se \u00eenc\u0103lze\u015fte \u015fi mai sus, \u00een Moldova sudic\u0103 \u015fi \u00een nordul Munteniei; \u00eens\u0103 diminea\u0163\u0103 este cam frig, iar la c\u00e2mpie cea\u0163a mai poate dura c\u00e2teva ore.<\/p>\n<p style=\"text-align: justify;\">Dup\u0103 pr\u00e2nz a\u015ftept\u0103m temperaturi pu\u0163in mai ridicate dec\u00e2t \u00een mod obi\u015fnuit.<\/p>\n","protected":false},"excerpt":{"rendered":"<p>Administra\u021bia Na\u021bional\u0103 de Meteorologie a emis o avertizare COD GALBEN de CEA\u021a\u0102 pentru\u00a0 jude\u021bele: Alba, Sibiu, Covasna, Harghita, Bra\u0219ov, Dolj, V\u00e2lcea, Olt, Gorj, Buz\u0103u, Br\u0103ila, Ialomi\u021ba, Teleorman, Giurgiu, C\u0103l\u0103ra\u0219i, Constan\u021ba, Tulcea, Timi\u0219 \u015fi Arad. Fenomenul este asociat cu depuneri de chiciur\u0103. Ast\u0103zi norii<\/p>\n","protected":false},"author":1,"featured_media":0,"comment_status":"open","ping_status":"open","sticky":false,"template":"","format":"standard","meta":{"footnotes":""},"categories":[6],"tags":[],"class_list":["post-49295","post","type-post","status-publish","format-standard","hentry","category-breaking-news"],"_links":{"self":[{"href":"https:\/\/www.giurgiuveanul.ro\/stiri\/wp-json\/wp\/v2\/posts\/49295","targetHints":{"allow":["GET"]}}],"collection":[{"href":"https:\/\/www.giurgiuveanul.ro\/stiri\/wp-json\/wp\/v2\/posts"}],"about":[{"href":"https:\/\/www.giurgiuveanul.ro\/stiri\/wp-json\/wp\/v2\/types\/post"}],"author":[{"embeddable":true,"href":"https:\/\/www.giurgiuveanul.ro\/stiri\/wp-json\/wp\/v2\/users\/1"}],"replies":[{"embeddable":true,"href":"https:\/\/www.giurgiuveanul.ro\/stiri\/wp-json\/wp\/v2\/comments?post=49295"}],"version-history":[{"count":0,"href":"https:\/\/www.giurgiuveanul.ro\/stiri\/wp-json\/wp\/v2\/posts\/49295\/revisions"}],"wp:attachment":[{"href":"https:\/\/www.giurgiuveanul.ro\/stiri\/wp-json\/wp\/v2\/media?parent=49295"}],"wp:term":[{"taxonomy":"category","embeddable":true,"href":"https:\/\/www.giurgiuveanul.ro\/stiri\/wp-json\/wp\/v2\/categories?post=49295"},{"taxonomy":"post_tag","embeddable":true,"href":"https:\/\/www.giurgiuveanul.ro\/stiri\/wp-json\/wp\/v2\/tags?post=49295"}],"curies":[{"name":"wp","href":"https:\/\/api.w.org\/{rel}","templated":true}]}}