{"id":49329,"date":"2018-01-29T16:18:28","date_gmt":"2018-01-29T14:18:28","guid":{"rendered":"https:\/\/www.giurgiuveanul.ro\/stiri\/?p=49329"},"modified":"2018-01-29T16:18:28","modified_gmt":"2018-01-29T14:18:28","slug":"autoturism-in-valoare-de-60-000-euro-cautat-de-autoritatile-din-norvegia-depistat-la-p-t-f-giurgiu-in-ziua-introducerii-alertei","status":"publish","type":"post","link":"https:\/\/www.giurgiuveanul.ro\/stiri\/autoturism-in-valoare-de-60-000-euro-cautat-de-autoritatile-din-norvegia-depistat-la-p-t-f-giurgiu-in-ziua-introducerii-alertei\/","title":{"rendered":"Autoturism \u00een valoare de 60.000 euro, c\u0103utat de autorit\u0103\u0163ile din Norvegia, depistat la P.T.F. Giurgiu \u00een ziua introducerii alertei"},"content":{"rendered":"<p style=\"text-align: justify;\"><strong><a href=\"https:\/\/www.giurgiuveanul.ro\/stiri\/wp-content\/uploads\/2018\/01\/1517220872315-1949-S4.jpg\"><img loading=\"lazy\" decoding=\"async\" class=\"aligncenter size-large wp-image-49330\" src=\"https:\/\/www.giurgiuveanul.ro\/stiri\/wp-content\/uploads\/2018\/01\/1517220872315-1949-S4-560x336.jpg\" alt=\"1517220872315-1949-S4\" width=\"560\" height=\"336\" srcset=\"https:\/\/www.giurgiuveanul.ro\/stiri\/wp-content\/uploads\/2018\/01\/1517220872315-1949-S4-560x336.jpg 560w, https:\/\/www.giurgiuveanul.ro\/stiri\/wp-content\/uploads\/2018\/01\/1517220872315-1949-S4-250x150.jpg 250w, https:\/\/www.giurgiuveanul.ro\/stiri\/wp-content\/uploads\/2018\/01\/1517220872315-1949-S4-400x240.jpg 400w, https:\/\/www.giurgiuveanul.ro\/stiri\/wp-content\/uploads\/2018\/01\/1517220872315-1949-S4.jpg 1200w\" sizes=\"auto, (max-width: 560px) 100vw, 560px\" \/><\/a>Poli\u0163i\u015ftii de frontier\u0103 din cadrul I.T.P.F. Giurgiu \u2013 P.T.F. Giurgiu<!--more--> au depistat un autoturism marca Mercedes Benz, \u00een valoare de aproximativ 60.000 euro, c\u0103utat pentru confiscare de autorit\u0103\u0163ile norvegiene.<\/strong><\/p>\n<p style=\"text-align: justify;\">\u00cen data de 26.01.2018,<strong>\u00a0 <\/strong>la Punctul de Trecere a Frontierei Giurgiu, s-a prezentat pentru a efectua formalit\u0103\u0163ile de frontier\u0103 cet\u0103\u0163eanul rom\u00e2n G.A.C., \u00een v\u00e2rst\u0103 de 30 ani, domiciliat pe raza jude\u0163ului Ialomita, la volanul unui autoturism marca Mercedes Benz, an fabrica\u0163ie 2016, \u00eenmatriculat \u00een Norvegia.<\/p>\n<p style=\"text-align: justify;\">\u00cen urma verific\u0103rilor specifice, poli\u0163i\u015ftii de frontier\u0103 au constatat c\u0103 autoturismul figureaz\u0103 \u00een bazele de date ca fiind bun c\u0103utat pentru confiscare, alert\u0103 introdus\u0103 de autorit\u0103\u0163ile din Norvegia \u00een aceea\u015fi zi.<\/p>\n<p style=\"text-align: justify;\"><a href=\"https:\/\/www.giurgiuveanul.ro\/stiri\/wp-content\/uploads\/2018\/01\/151722087366-1948-S4.jpg\"><img loading=\"lazy\" decoding=\"async\" class=\"aligncenter size-large wp-image-49331\" src=\"https:\/\/www.giurgiuveanul.ro\/stiri\/wp-content\/uploads\/2018\/01\/151722087366-1948-S4-560x336.jpg\" alt=\"151722087366-1948-S4\" width=\"560\" height=\"336\" srcset=\"https:\/\/www.giurgiuveanul.ro\/stiri\/wp-content\/uploads\/2018\/01\/151722087366-1948-S4-560x336.jpg 560w, https:\/\/www.giurgiuveanul.ro\/stiri\/wp-content\/uploads\/2018\/01\/151722087366-1948-S4-250x150.jpg 250w, https:\/\/www.giurgiuveanul.ro\/stiri\/wp-content\/uploads\/2018\/01\/151722087366-1948-S4-400x240.jpg 400w, https:\/\/www.giurgiuveanul.ro\/stiri\/wp-content\/uploads\/2018\/01\/151722087366-1948-S4.jpg 1200w\" sizes=\"auto, (max-width: 560px) 100vw, 560px\" \/><\/a><\/p>\n<p style=\"text-align: justify;\">Fa\u0163\u0103 de cele constatate, cet\u0103\u0163eanul rom\u00e2n a declarat c\u0103 a achizi\u0163ionat \u00a0autoturismul \u00een sistem leasing din Norvegia, \u00een luna septembrie 2017, \u00eens\u0103 nu a mai reu\u015fit s\u0103 pl\u0103teasc\u0103 ratele lunare aferente creditului.<\/p>\n<p style=\"text-align: justify;\">Poli\u0163i\u015ftii de frontier\u0103 au \u00eentocmit \u00een cauz\u0103 dosar penal pentru s\u0103v\u00e2r\u015firea infrac\u0163iunii de t\u0103inuire, iar autovehiculul \u00een valoare de <strong>aproximativ 60.000 euro,<\/strong> a fost indisponibilizat la sediul S.T.P.F. Giurgiu p\u00e2n\u0103 la finalizarea cercet\u0103rilor.<\/p>\n","protected":false},"excerpt":{"rendered":"<p>Poli\u0163i\u015ftii de frontier\u0103 din cadrul I.T.P.F. Giurgiu \u2013 P.T.F. Giurgiu<\/p>\n","protected":false},"author":1,"featured_media":0,"comment_status":"open","ping_status":"open","sticky":false,"template":"","format":"standard","meta":{"footnotes":""},"categories":[6],"tags":[],"class_list":["post-49329","post","type-post","status-publish","format-standard","hentry","category-breaking-news"],"_links":{"self":[{"href":"https:\/\/www.giurgiuveanul.ro\/stiri\/wp-json\/wp\/v2\/posts\/49329","targetHints":{"allow":["GET"]}}],"collection":[{"href":"https:\/\/www.giurgiuveanul.ro\/stiri\/wp-json\/wp\/v2\/posts"}],"about":[{"href":"https:\/\/www.giurgiuveanul.ro\/stiri\/wp-json\/wp\/v2\/types\/post"}],"author":[{"embeddable":true,"href":"https:\/\/www.giurgiuveanul.ro\/stiri\/wp-json\/wp\/v2\/users\/1"}],"replies":[{"embeddable":true,"href":"https:\/\/www.giurgiuveanul.ro\/stiri\/wp-json\/wp\/v2\/comments?post=49329"}],"version-history":[{"count":0,"href":"https:\/\/www.giurgiuveanul.ro\/stiri\/wp-json\/wp\/v2\/posts\/49329\/revisions"}],"wp:attachment":[{"href":"https:\/\/www.giurgiuveanul.ro\/stiri\/wp-json\/wp\/v2\/media?parent=49329"}],"wp:term":[{"taxonomy":"category","embeddable":true,"href":"https:\/\/www.giurgiuveanul.ro\/stiri\/wp-json\/wp\/v2\/categories?post=49329"},{"taxonomy":"post_tag","embeddable":true,"href":"https:\/\/www.giurgiuveanul.ro\/stiri\/wp-json\/wp\/v2\/tags?post=49329"}],"curies":[{"name":"wp","href":"https:\/\/api.w.org\/{rel}","templated":true}]}}