{"id":49343,"date":"2018-01-30T10:44:13","date_gmt":"2018-01-30T08:44:13","guid":{"rendered":"https:\/\/www.giurgiuveanul.ro\/stiri\/?p=49343"},"modified":"2018-01-30T10:44:42","modified_gmt":"2018-01-30T08:44:42","slug":"cu-autoturismul-pe-drumurile-publice-desi-avea-permisul-suspendat","status":"publish","type":"post","link":"https:\/\/www.giurgiuveanul.ro\/stiri\/cu-autoturismul-pe-drumurile-publice-desi-avea-permisul-suspendat\/","title":{"rendered":"O t\u00e2n\u0103r\u0103 la volan, pe drumurile publice&#8230; de\u015fi avea permisul suspendat"},"content":{"rendered":"<p style=\"text-align: justify;\"><strong><a href=\"https:\/\/www.giurgiuveanul.ro\/stiri\/wp-content\/uploads\/2018\/01\/tanara-fara-permis.jpg\"><img loading=\"lazy\" decoding=\"async\" class=\"aligncenter size-large wp-image-49344\" src=\"https:\/\/www.giurgiuveanul.ro\/stiri\/wp-content\/uploads\/2018\/01\/tanara-fara-permis-560x350.jpg\" alt=\"tanara-fara-permis\" width=\"560\" height=\"350\" srcset=\"https:\/\/www.giurgiuveanul.ro\/stiri\/wp-content\/uploads\/2018\/01\/tanara-fara-permis-560x350.jpg 560w, https:\/\/www.giurgiuveanul.ro\/stiri\/wp-content\/uploads\/2018\/01\/tanara-fara-permis-250x156.jpg 250w, https:\/\/www.giurgiuveanul.ro\/stiri\/wp-content\/uploads\/2018\/01\/tanara-fara-permis-400x250.jpg 400w, https:\/\/www.giurgiuveanul.ro\/stiri\/wp-content\/uploads\/2018\/01\/tanara-fara-permis.jpg 1200w\" sizes=\"auto, (max-width: 560px) 100vw, 560px\" \/><\/a>O t\u00e2n\u0103r\u0103 <!--more-->din Republica Moldova a fost depistat\u0103 \u00een trafic conduc\u00e2nd un autoturismul av\u00e2nd suspendat dreptul de a conduce autovehicule pe drumurile publice.<\/strong><\/p>\n<p style=\"text-align: justify;\">O t\u00e2n\u0103r\u0103 de 26 ani, din Republica Moldova, a fost depistat\u0103 conduc\u00e2nd \u00a0un autoturism pe Drumul Na\u021bional 5, \u00een localitatea C\u0103lug\u0103reni, av\u00e2nd suspendat dreptul de a conduce autovehicule pe drumurile publice din Rom\u00e2nia.<\/p>\n<p style=\"text-align: justify;\">\u00cen cauz\u0103 poli\u021bi\u0219tii au \u00eentocmit un dosar penal \u00een care continu\u0103 cercet\u0103rile fa\u021b\u0103 de persoana depistat\u0103, sub aspectul s\u0103v\u00e2r\u0219irii infrac\u021biunii de conducerea unui vehicul pe drumurile publice c\u0103reia exercitarea dreptului de a conduce i-a fost suspendat .<\/p>\n","protected":false},"excerpt":{"rendered":"<p>O t\u00e2n\u0103r\u0103<\/p>\n","protected":false},"author":1,"featured_media":0,"comment_status":"open","ping_status":"open","sticky":false,"template":"","format":"standard","meta":{"footnotes":""},"categories":[6],"tags":[],"class_list":["post-49343","post","type-post","status-publish","format-standard","hentry","category-breaking-news"],"_links":{"self":[{"href":"https:\/\/www.giurgiuveanul.ro\/stiri\/wp-json\/wp\/v2\/posts\/49343","targetHints":{"allow":["GET"]}}],"collection":[{"href":"https:\/\/www.giurgiuveanul.ro\/stiri\/wp-json\/wp\/v2\/posts"}],"about":[{"href":"https:\/\/www.giurgiuveanul.ro\/stiri\/wp-json\/wp\/v2\/types\/post"}],"author":[{"embeddable":true,"href":"https:\/\/www.giurgiuveanul.ro\/stiri\/wp-json\/wp\/v2\/users\/1"}],"replies":[{"embeddable":true,"href":"https:\/\/www.giurgiuveanul.ro\/stiri\/wp-json\/wp\/v2\/comments?post=49343"}],"version-history":[{"count":0,"href":"https:\/\/www.giurgiuveanul.ro\/stiri\/wp-json\/wp\/v2\/posts\/49343\/revisions"}],"wp:attachment":[{"href":"https:\/\/www.giurgiuveanul.ro\/stiri\/wp-json\/wp\/v2\/media?parent=49343"}],"wp:term":[{"taxonomy":"category","embeddable":true,"href":"https:\/\/www.giurgiuveanul.ro\/stiri\/wp-json\/wp\/v2\/categories?post=49343"},{"taxonomy":"post_tag","embeddable":true,"href":"https:\/\/www.giurgiuveanul.ro\/stiri\/wp-json\/wp\/v2\/tags?post=49343"}],"curies":[{"name":"wp","href":"https:\/\/api.w.org\/{rel}","templated":true}]}}