{"id":49359,"date":"2018-01-30T19:33:15","date_gmt":"2018-01-30T17:33:15","guid":{"rendered":"https:\/\/www.giurgiuveanul.ro\/stiri\/?p=49359"},"modified":"2018-01-30T19:33:15","modified_gmt":"2018-01-30T17:33:15","slug":"depistat-conducand-autoturismul-pe-drumurile-publice-avand-permisul-suspendat","status":"publish","type":"post","link":"https:\/\/www.giurgiuveanul.ro\/stiri\/depistat-conducand-autoturismul-pe-drumurile-publice-avand-permisul-suspendat\/","title":{"rendered":"Depistat conduc\u00e2nd autoturismul pe drumurile publice&#8230; av\u00e2nd permisul suspendat"},"content":{"rendered":"<p style=\"text-align: justify;\"><strong><a href=\"https:\/\/www.giurgiuveanul.ro\/stiri\/wp-content\/uploads\/2018\/01\/policija-kazna.jpg\"><img loading=\"lazy\" decoding=\"async\" class=\"aligncenter size-large wp-image-49360\" src=\"https:\/\/www.giurgiuveanul.ro\/stiri\/wp-content\/uploads\/2018\/01\/policija-kazna-560x317.jpg\" alt=\"policija-kazna\" width=\"560\" height=\"317\" srcset=\"https:\/\/www.giurgiuveanul.ro\/stiri\/wp-content\/uploads\/2018\/01\/policija-kazna-560x317.jpg 560w, https:\/\/www.giurgiuveanul.ro\/stiri\/wp-content\/uploads\/2018\/01\/policija-kazna-250x142.jpg 250w, https:\/\/www.giurgiuveanul.ro\/stiri\/wp-content\/uploads\/2018\/01\/policija-kazna-400x226.jpg 400w, https:\/\/www.giurgiuveanul.ro\/stiri\/wp-content\/uploads\/2018\/01\/policija-kazna.jpg 604w\" sizes=\"auto, (max-width: 560px) 100vw, 560px\" \/><\/a>Un b\u0103rbat, de 46 ani, a fost depistat \u00een timp ce conducea un autoturism pe drumurile publice, av\u00e2nd permisul de conducere<!--more--> suspendat.<\/strong><\/p>\n<p style=\"text-align: justify;\">Luni, 29 ianuarie a.c., \u00een jurul orei 11.15, un b\u0103rbat, de 46 ani, din municipiul Bucure\u0219ti, a fost depistat \u00een trafic pe Drumul Na\u021bional 5, \u00een localitatea Aduna\u021bii Cop\u0103ceni, \u00een timp ce conducea un autoturism, av\u00e2nd permisul de conducere suspendat.<\/p>\n<p style=\"text-align: justify;\">\u00cen cauz\u0103, poli\u021bi\u0219tii au \u00eentocmit un dosar penal \u00een care continu\u0103 cercet\u0103rile fa\u021b\u0103 de persoana depistat\u0103, sub aspectul s\u0103v\u00e2r\u0219irii infrac\u021biunii de conducerea unui vehicul pe drumurile publice de c\u0103tre o persoan\u0103 c\u0103reia exercitarea dreptului de a conduce i-a fost suspendat\u0103<\/p>\n","protected":false},"excerpt":{"rendered":"<p>Un b\u0103rbat, de 46 ani, a fost depistat \u00een timp ce conducea un autoturism pe drumurile publice, av\u00e2nd permisul de conducere<\/p>\n","protected":false},"author":1,"featured_media":0,"comment_status":"open","ping_status":"open","sticky":false,"template":"","format":"standard","meta":{"footnotes":""},"categories":[6],"tags":[],"class_list":["post-49359","post","type-post","status-publish","format-standard","hentry","category-breaking-news"],"_links":{"self":[{"href":"https:\/\/www.giurgiuveanul.ro\/stiri\/wp-json\/wp\/v2\/posts\/49359","targetHints":{"allow":["GET"]}}],"collection":[{"href":"https:\/\/www.giurgiuveanul.ro\/stiri\/wp-json\/wp\/v2\/posts"}],"about":[{"href":"https:\/\/www.giurgiuveanul.ro\/stiri\/wp-json\/wp\/v2\/types\/post"}],"author":[{"embeddable":true,"href":"https:\/\/www.giurgiuveanul.ro\/stiri\/wp-json\/wp\/v2\/users\/1"}],"replies":[{"embeddable":true,"href":"https:\/\/www.giurgiuveanul.ro\/stiri\/wp-json\/wp\/v2\/comments?post=49359"}],"version-history":[{"count":0,"href":"https:\/\/www.giurgiuveanul.ro\/stiri\/wp-json\/wp\/v2\/posts\/49359\/revisions"}],"wp:attachment":[{"href":"https:\/\/www.giurgiuveanul.ro\/stiri\/wp-json\/wp\/v2\/media?parent=49359"}],"wp:term":[{"taxonomy":"category","embeddable":true,"href":"https:\/\/www.giurgiuveanul.ro\/stiri\/wp-json\/wp\/v2\/categories?post=49359"},{"taxonomy":"post_tag","embeddable":true,"href":"https:\/\/www.giurgiuveanul.ro\/stiri\/wp-json\/wp\/v2\/tags?post=49359"}],"curies":[{"name":"wp","href":"https:\/\/api.w.org\/{rel}","templated":true}]}}