{"id":49362,"date":"2018-01-30T19:48:10","date_gmt":"2018-01-30T17:48:10","guid":{"rendered":"https:\/\/www.giurgiuveanul.ro\/stiri\/?p=49362"},"modified":"2018-01-30T19:48:10","modified_gmt":"2018-01-30T17:48:10","slug":"51-din-parcul-auto-al-isu-giurgiu-vechi-de-peste-zece-ani-ce-spune-secretarul-de-stat-raed-arafat","status":"publish","type":"post","link":"https:\/\/www.giurgiuveanul.ro\/stiri\/51-din-parcul-auto-al-isu-giurgiu-vechi-de-peste-zece-ani-ce-spune-secretarul-de-stat-raed-arafat\/","title":{"rendered":"51% din parcul auto al ISU Giurgiu, vechi de peste zece ani. Ce spune secretarul de stat Raed Arafat"},"content":{"rendered":"<p style=\"text-align: justify;\"><strong><a href=\"https:\/\/www.giurgiuveanul.ro\/stiri\/wp-content\/uploads\/2018\/01\/IMG_5576.jpg\"><img loading=\"lazy\" decoding=\"async\" class=\"aligncenter size-large wp-image-49364\" src=\"https:\/\/www.giurgiuveanul.ro\/stiri\/wp-content\/uploads\/2018\/01\/IMG_5576-485x450.jpg\" alt=\"IMG_5576\" width=\"485\" height=\"450\" srcset=\"https:\/\/www.giurgiuveanul.ro\/stiri\/wp-content\/uploads\/2018\/01\/IMG_5576-485x450.jpg 485w, https:\/\/www.giurgiuveanul.ro\/stiri\/wp-content\/uploads\/2018\/01\/IMG_5576-250x232.jpg 250w, https:\/\/www.giurgiuveanul.ro\/stiri\/wp-content\/uploads\/2018\/01\/IMG_5576-400x372.jpg 400w, https:\/\/www.giurgiuveanul.ro\/stiri\/wp-content\/uploads\/2018\/01\/IMG_5576.jpg 800w\" sizes=\"auto, (max-width: 485px) 100vw, 485px\" \/><\/a>Inspectoratul pentru Situa\u021bii de Urgen\u021b\u0103 Giurgiu a <!--more-->prezentat \u00een cursul zilei de mar\u021bi, 30 ianuarie, bilan\u021bul pe anul 2017 al activit\u0103\u021bii institu\u021biei, \u00een fa\u021ba secretarului de stat Raed Arafat. Inspectorul \u0219ef, col Emil Apostol, a prezentat statisticile pe 2017. Eforturile salvatorilor de la ISU Giurgiu sunt de l\u0103udat \u00eentruc\u00e2t condi\u0163iile \u00een care-\u015fi desf\u0103\u015foar\u0103 activitatea sunt departe de a fi optime. Nu mai pu\u0163in de 51% din parcul auto are o vechime de peste 10 ani.<\/strong><\/p>\n<p style=\"text-align: justify;\"><a href=\"https:\/\/www.giurgiuveanul.ro\/stiri\/wp-content\/uploads\/2018\/01\/IMG_5558.jpg\"><img loading=\"lazy\" decoding=\"async\" class=\"aligncenter size-large wp-image-49365\" src=\"https:\/\/www.giurgiuveanul.ro\/stiri\/wp-content\/uploads\/2018\/01\/IMG_5558-560x312.jpg\" alt=\"IMG_5558\" width=\"560\" height=\"312\" srcset=\"https:\/\/www.giurgiuveanul.ro\/stiri\/wp-content\/uploads\/2018\/01\/IMG_5558-560x312.jpg 560w, https:\/\/www.giurgiuveanul.ro\/stiri\/wp-content\/uploads\/2018\/01\/IMG_5558-250x139.jpg 250w, https:\/\/www.giurgiuveanul.ro\/stiri\/wp-content\/uploads\/2018\/01\/IMG_5558-400x223.jpg 400w, https:\/\/www.giurgiuveanul.ro\/stiri\/wp-content\/uploads\/2018\/01\/IMG_5558.jpg 800w\" sizes=\"auto, (max-width: 560px) 100vw, 560px\" \/><\/a><\/p>\n<p style=\"text-align: justify;\"><strong>\u00cen cadrul bilan\u0163ului au fost f\u0103cute \u015fi mai multe promisiuni care se vor concretiza \u00een urm\u0103torii ani, potrivit secretarului de stat Raed Arafat.\u00a0Pompierii militari din toat\u0103 \u021bara vor beneficia, \u00een 2018, \u0219i de 500 de noi autospeciale<\/strong>.<\/p>\n<p style=\"text-align: justify;\"><a href=\"https:\/\/www.giurgiuveanul.ro\/stiri\/wp-content\/uploads\/2018\/01\/IMG_5563.jpg\"><img loading=\"lazy\" decoding=\"async\" class=\"aligncenter size-large wp-image-49363\" src=\"https:\/\/www.giurgiuveanul.ro\/stiri\/wp-content\/uploads\/2018\/01\/IMG_5563-522x450.jpg\" alt=\"IMG_5563\" width=\"522\" height=\"450\" srcset=\"https:\/\/www.giurgiuveanul.ro\/stiri\/wp-content\/uploads\/2018\/01\/IMG_5563-522x450.jpg 522w, https:\/\/www.giurgiuveanul.ro\/stiri\/wp-content\/uploads\/2018\/01\/IMG_5563-250x216.jpg 250w, https:\/\/www.giurgiuveanul.ro\/stiri\/wp-content\/uploads\/2018\/01\/IMG_5563-400x345.jpg 400w, https:\/\/www.giurgiuveanul.ro\/stiri\/wp-content\/uploads\/2018\/01\/IMG_5563.jpg 800w\" sizes=\"auto, (max-width: 522px) 100vw, 522px\" \/><\/a><\/p>\n<p style=\"text-align: justify;\">Bilan\u0163ul anului 2017, prezentat de\u00a0inspectorul \u015fef al Inspectoratului pentru Situa\u0163ii de Urgen\u0163\u0103 Giurgiu,<strong> colonel Emil Apostol,<\/strong> a scos la iveal\u0103 plusuri \u0219i minusuri cu care se confrunt\u0103 institu\u0163ia. Un lucru bun este faptul c\u0103 \u00a0timpii de r\u0103spuns \u00een cadrul misiunilor au sc\u0103zut sim\u0163itor, \u00een ultimii \u0219ase ani, ajung\u00e2nd la doar 18 minute. Dac\u0103 \u00een 2011, jude\u021bul era acoperit doar \u00een propor\u021bie de 75 %, acum for\u021bele de interven\u021bie de la ISU acord\u0103 sprijin \u0219i altor inspectorate<\/p>\n<p style=\"text-align: justify;\">\u00cen cursul anului trecut, pompierii giurgiuveni au avut peste 7.700 de ac\u0163iuni, media interven\u0163iilor fiind de 31\/zi, \u00eens\u0103 s-a diminuat num\u0103rul interven\u021biilor SMURD, cu 15%, din cauz\u0103 c\u0103 trei dintre cele \u0219ase ambulan\u021be nu sunt func\u021bionale.<\/p>\n<p style=\"text-align: justify;\"><strong>Pompierii au accesat fonduri nerambursabile de peste 18 milioane euro<\/p>\n<p><\/strong>Inspectoratul pentru Situa\u0163ii de Urgen\u0163\u0103 \u00a0Giurgiu a accesat fonduri nerambursabile pe programe transfrontaliere de peste 18 milioane euro, \u00een colaborare cu Consiliul Jude\u021bean Giurgiu, prin care au fost achizi\u021bionate echipamente necesare interven\u021biilor.<\/p>\n<p style=\"text-align: justify;\"><strong>Parcul auto al ISU Giurgiu, cam dep\u0103\u0219it\u00a0<\/strong><\/p>\n<p style=\"text-align: justify;\">Eforturile salvatorilor sunt de l\u0103udat \u00eentruc\u00e2t condi\u0163iile \u00een care-\u015fi desf\u0103\u015foar\u0103 activitatea sunt departe de a fi optime. \u00cen ceea ce prive\u015fte parcul auto, 51% dintre autospeciale are o vechime de peste 10 ani. Exist\u0103 chiar \u0219i o autospecial\u0103 cu o vechime de peste 30 de ani, pe care pompierii o utilizeaz\u0103 pentru alimentarea cu ap\u0103 a celorlalte autospeciale de interven\u021bie.<\/p>\n<p style=\"text-align: justify;\"><strong>Dot\u0103ri noi la Pompieri<\/strong><\/p>\n<p style=\"text-align: justify;\">Secretarul de stat Raed Arafat a promis c\u0103 va solu\u021biona \u0219i problemele ce \u0163in de logistic\u0103 \u0219i vor fi achizi\u021bionate peste 500 de autospeciale, care le vor \u00eenlocui pe cele vechi. Cu ma\u0219ini achizi\u021bionate \u00een anii 70, care \u00eenc\u0103 merg \u00een misiuni, \u0219i cu jude\u021be f\u0103r\u0103 autospeciale, Raed Arafat a dat asigur\u0103ri c\u0103 situa\u021bia se va schimba. Sursele de finan\u021bare sunt, \u0219i de aceast\u0103 dat\u0103, fondurile europene, mai exact 600 de milioane de euro.<\/p>\n<p style=\"text-align: justify;\"><strong>Posturi de subofi\u021beri, scoase la concurs<\/strong><\/p>\n<p style=\"text-align: justify;\">Ve\u0219ti bune sunt \u0219i pentru cei afla\u021bi \u00een c\u0103utarea unui loc de munc\u0103. \u0218i jude\u021bul Giurgiu va avea nevoie de speciali\u0219ti \u00een Inspectoratul pentru Situa\u021bii de Urgen\u021b\u0103. Raed Arafat a precizat c\u0103 are \u00een vedere acoperirea deficitului de personal.<\/p>\n<p style=\"text-align: justify;\"><em>\u201eDin p\u0103cate, am avut pension\u0103ri mai precoce, \u00een urma legii pension\u0103rilor speciale, avem \u015fi un num\u0103r de personal angajat prin anii 2006-2007, care urmeaz\u0103 s\u0103 se pensioneze, pentru c\u0103 nu s-a pus la momentul respectiv o limit\u0103 de v\u00e2rst\u0103. Personalul \u00eemb\u0103tr\u00e2ne\u015fte \u015fi va ie\u015fi natural la pensie. De aceea noi venim \u015fi aducem solu\u0163ii suplimentare de \u00eencadrare \u015fi reducerea timpului de preg\u0103tire va duce la dublarea num\u0103rului de subofi\u0163eri care se \u00eencadreaz\u0103. Mai sunt \u015fi alte solu\u0163ii pe care le g\u00e2ndim \u015fi urmeaz\u0103 s\u0103 le punem pe masa ministrului Carmen Dan pentru a le discuta\u201d<\/em>, a declarat dr. Raed Arafat.<\/p>\n<p style=\"text-align: justify;\">\n<p style=\"text-align: justify;\"><em>Marcela Petcu<\/em><\/p>\n","protected":false},"excerpt":{"rendered":"<p>Inspectoratul pentru Situa\u021bii de Urgen\u021b\u0103 Giurgiu a<\/p>\n","protected":false},"author":1,"featured_media":0,"comment_status":"open","ping_status":"open","sticky":false,"template":"","format":"standard","meta":{"footnotes":""},"categories":[6],"tags":[],"class_list":["post-49362","post","type-post","status-publish","format-standard","hentry","category-breaking-news"],"_links":{"self":[{"href":"https:\/\/www.giurgiuveanul.ro\/stiri\/wp-json\/wp\/v2\/posts\/49362","targetHints":{"allow":["GET"]}}],"collection":[{"href":"https:\/\/www.giurgiuveanul.ro\/stiri\/wp-json\/wp\/v2\/posts"}],"about":[{"href":"https:\/\/www.giurgiuveanul.ro\/stiri\/wp-json\/wp\/v2\/types\/post"}],"author":[{"embeddable":true,"href":"https:\/\/www.giurgiuveanul.ro\/stiri\/wp-json\/wp\/v2\/users\/1"}],"replies":[{"embeddable":true,"href":"https:\/\/www.giurgiuveanul.ro\/stiri\/wp-json\/wp\/v2\/comments?post=49362"}],"version-history":[{"count":0,"href":"https:\/\/www.giurgiuveanul.ro\/stiri\/wp-json\/wp\/v2\/posts\/49362\/revisions"}],"wp:attachment":[{"href":"https:\/\/www.giurgiuveanul.ro\/stiri\/wp-json\/wp\/v2\/media?parent=49362"}],"wp:term":[{"taxonomy":"category","embeddable":true,"href":"https:\/\/www.giurgiuveanul.ro\/stiri\/wp-json\/wp\/v2\/categories?post=49362"},{"taxonomy":"post_tag","embeddable":true,"href":"https:\/\/www.giurgiuveanul.ro\/stiri\/wp-json\/wp\/v2\/tags?post=49362"}],"curies":[{"name":"wp","href":"https:\/\/api.w.org\/{rel}","templated":true}]}}