{"id":49373,"date":"2018-01-31T15:16:01","date_gmt":"2018-01-31T13:16:01","guid":{"rendered":"https:\/\/www.giurgiuveanul.ro\/stiri\/?p=49373"},"modified":"2018-01-31T15:21:45","modified_gmt":"2018-01-31T13:21:45","slug":"ce-spune-politia-despre-accidentul-rutier-de-la-mihailesti","status":"publish","type":"post","link":"https:\/\/www.giurgiuveanul.ro\/stiri\/ce-spune-politia-despre-accidentul-rutier-de-la-mihailesti\/","title":{"rendered":"Ce spune Poli\u0163ia despre accidentul rutier de la Mih\u0103ile\u0219ti"},"content":{"rendered":"<p style=\"text-align: justify;\"><a href=\"https:\/\/www.giurgiuveanul.ro\/stiri\/wp-content\/uploads\/2018\/01\/IMG-20180131-WA0001.jpg\"><img loading=\"lazy\" decoding=\"async\" class=\"aligncenter size-large wp-image-49374\" src=\"https:\/\/www.giurgiuveanul.ro\/stiri\/wp-content\/uploads\/2018\/01\/IMG-20180131-WA0001-560x417.jpg\" alt=\"IMG-20180131-WA0001\" width=\"560\" height=\"417\" srcset=\"https:\/\/www.giurgiuveanul.ro\/stiri\/wp-content\/uploads\/2018\/01\/IMG-20180131-WA0001-560x417.jpg 560w, https:\/\/www.giurgiuveanul.ro\/stiri\/wp-content\/uploads\/2018\/01\/IMG-20180131-WA0001-250x186.jpg 250w, https:\/\/www.giurgiuveanul.ro\/stiri\/wp-content\/uploads\/2018\/01\/IMG-20180131-WA0001-400x298.jpg 400w, https:\/\/www.giurgiuveanul.ro\/stiri\/wp-content\/uploads\/2018\/01\/IMG-20180131-WA0001.jpg 800w\" sizes=\"auto, (max-width: 560px) 100vw, 560px\" \/><\/a><\/p>\n<p style=\"text-align: justify;\">Un accident de circula\u021bie \u00een care au fost implicate <!--more-->un autoturism Volkswagen Polo \u0219i o Dacia Logan s-a produs \u00een aceast\u0103 diminea\u0163\u0103, la Mih\u0103ile\u0219ti, la intrarea pe podul de la baraj.\u00a0 Un autoturism Volkswagen Polo, care se \u00eendrepta c\u0103tre Bucure\u0219ti, a ajuns pe contrasens, intr\u00e2nd \u00een coliziune cu Dacia Logan.<\/p>\n<p style=\"text-align: justify;\">O autospecial\u0103 dotat\u0103 cu modul de descarcerare, o ambulan\u021b\u0103 SMURD, una de la SAJ, dar \u0219i elicopterul SMURD au ajuns la fa\u021ba locului. Una dintre victime a fost descarcerat\u0103 de c\u0103tre pompieri iare cealalt\u0103 s-a autoevacuat, fiind vorba de \u0219oferii celor dou\u0103 ma\u0219ini.<\/p>\n<p style=\"text-align: justify;\">\u0218oferul autoturismului Volkswagen Polo a fost preluat de elicopterul SMURD \u0219i a fost transportat la un spital din Bucure\u0219ti.<\/p>\n","protected":false},"excerpt":{"rendered":"<p>Un accident de circula\u021bie \u00een care au fost implicate<\/p>\n","protected":false},"author":1,"featured_media":0,"comment_status":"open","ping_status":"open","sticky":false,"template":"","format":"standard","meta":{"footnotes":""},"categories":[6],"tags":[],"class_list":["post-49373","post","type-post","status-publish","format-standard","hentry","category-breaking-news"],"_links":{"self":[{"href":"https:\/\/www.giurgiuveanul.ro\/stiri\/wp-json\/wp\/v2\/posts\/49373","targetHints":{"allow":["GET"]}}],"collection":[{"href":"https:\/\/www.giurgiuveanul.ro\/stiri\/wp-json\/wp\/v2\/posts"}],"about":[{"href":"https:\/\/www.giurgiuveanul.ro\/stiri\/wp-json\/wp\/v2\/types\/post"}],"author":[{"embeddable":true,"href":"https:\/\/www.giurgiuveanul.ro\/stiri\/wp-json\/wp\/v2\/users\/1"}],"replies":[{"embeddable":true,"href":"https:\/\/www.giurgiuveanul.ro\/stiri\/wp-json\/wp\/v2\/comments?post=49373"}],"version-history":[{"count":0,"href":"https:\/\/www.giurgiuveanul.ro\/stiri\/wp-json\/wp\/v2\/posts\/49373\/revisions"}],"wp:attachment":[{"href":"https:\/\/www.giurgiuveanul.ro\/stiri\/wp-json\/wp\/v2\/media?parent=49373"}],"wp:term":[{"taxonomy":"category","embeddable":true,"href":"https:\/\/www.giurgiuveanul.ro\/stiri\/wp-json\/wp\/v2\/categories?post=49373"},{"taxonomy":"post_tag","embeddable":true,"href":"https:\/\/www.giurgiuveanul.ro\/stiri\/wp-json\/wp\/v2\/tags?post=49373"}],"curies":[{"name":"wp","href":"https:\/\/api.w.org\/{rel}","templated":true}]}}