{"id":49379,"date":"2018-01-31T15:24:23","date_gmt":"2018-01-31T13:24:23","guid":{"rendered":"https:\/\/www.giurgiuveanul.ro\/stiri\/?p=49379"},"modified":"2018-01-31T15:24:23","modified_gmt":"2018-01-31T13:24:23","slug":"in-atentia-giurgiuvenilor-care-vor-sa-cumpere-masini-second-hand","status":"publish","type":"post","link":"https:\/\/www.giurgiuveanul.ro\/stiri\/in-atentia-giurgiuvenilor-care-vor-sa-cumpere-masini-second-hand\/","title":{"rendered":"\u00cen aten\u021bia giurgiuvenilor care vor s\u0103 cumpere ma\u015fini second-hand"},"content":{"rendered":"<p style=\"text-align: justify;\"><a href=\"https:\/\/www.giurgiuveanul.ro\/stiri\/wp-content\/uploads\/2018\/01\/masini-second-hand-de-vanzare-0.jpg\"><img loading=\"lazy\" decoding=\"async\" class=\"aligncenter size-large wp-image-49380\" src=\"https:\/\/www.giurgiuveanul.ro\/stiri\/wp-content\/uploads\/2018\/01\/masini-second-hand-de-vanzare-0-560x315.jpg\" alt=\"masini-second-hand-de-vanzare-0\" width=\"560\" height=\"315\" srcset=\"https:\/\/www.giurgiuveanul.ro\/stiri\/wp-content\/uploads\/2018\/01\/masini-second-hand-de-vanzare-0-560x315.jpg 560w, https:\/\/www.giurgiuveanul.ro\/stiri\/wp-content\/uploads\/2018\/01\/masini-second-hand-de-vanzare-0-250x141.jpg 250w, https:\/\/www.giurgiuveanul.ro\/stiri\/wp-content\/uploads\/2018\/01\/masini-second-hand-de-vanzare-0-400x225.jpg 400w, https:\/\/www.giurgiuveanul.ro\/stiri\/wp-content\/uploads\/2018\/01\/masini-second-hand-de-vanzare-0.jpg 1280w\" sizes=\"auto, (max-width: 560px) 100vw, 560px\" \/><\/a>Registrul Auto Rom\u00e2n, \u00eempreun\u0103 cu cei de la <!--more-->ASF, doresc s\u0103 fac\u0103 o aplica\u0163ie prin care orice cump\u0103r\u0103tor poate afla informa\u0163ii despre un autovehicul rulat pe care acesta dore\u015fte s\u0103-l cumpere. Orice automobil importat \u00een Rom\u00e2nia care ajunge la RAR, de la \u00eenceputul acestui an, pentru identificare este trecut \u00eentr-o baz\u0103 de date \u00een care se trece \u015fi kilometrajul.<\/p>\n<p style=\"text-align: justify;\">Datele se vor transforma \u00eentr-o surs\u0103 uria\u015f\u0103 de informa\u0163ii pentru cump\u0103r\u0103torii de ma\u015fini second-hand, conform 4tuning.ro.<\/p>\n<p style=\"text-align: justify;\">At\u00e2t informa\u0163iile despre kilometri, preluate de RAR la primul ITP \u015fi de inginerii sta\u021biilor ITP la care ma\u015fina \u00ee\u015fi face inspec\u0163ia ulterior, c\u00e2t \u015fi cele legate de daunele suferite de o ma\u015fin\u0103, vor putea fi interogate foarte u\u015for \u00een func\u021bie de seria de \u0219asiu.<\/p>\n<p style=\"text-align: justify;\">Altfel, ITP-ul se face anual la ma\u015finile de peste 12 ani. ASF va furniza date despre daunele ma\u015finii.<\/p>\n<p style=\"text-align: justify;\">Prin SMS, cump\u0103r\u0103torul afl\u0103 dac\u0103 ma\u015fina are kilometraj real.<\/p>\n","protected":false},"excerpt":{"rendered":"<p>Registrul Auto Rom\u00e2n, \u00eempreun\u0103 cu cei de la<\/p>\n","protected":false},"author":1,"featured_media":0,"comment_status":"open","ping_status":"open","sticky":false,"template":"","format":"standard","meta":{"footnotes":""},"categories":[6],"tags":[],"class_list":["post-49379","post","type-post","status-publish","format-standard","hentry","category-breaking-news"],"_links":{"self":[{"href":"https:\/\/www.giurgiuveanul.ro\/stiri\/wp-json\/wp\/v2\/posts\/49379","targetHints":{"allow":["GET"]}}],"collection":[{"href":"https:\/\/www.giurgiuveanul.ro\/stiri\/wp-json\/wp\/v2\/posts"}],"about":[{"href":"https:\/\/www.giurgiuveanul.ro\/stiri\/wp-json\/wp\/v2\/types\/post"}],"author":[{"embeddable":true,"href":"https:\/\/www.giurgiuveanul.ro\/stiri\/wp-json\/wp\/v2\/users\/1"}],"replies":[{"embeddable":true,"href":"https:\/\/www.giurgiuveanul.ro\/stiri\/wp-json\/wp\/v2\/comments?post=49379"}],"version-history":[{"count":0,"href":"https:\/\/www.giurgiuveanul.ro\/stiri\/wp-json\/wp\/v2\/posts\/49379\/revisions"}],"wp:attachment":[{"href":"https:\/\/www.giurgiuveanul.ro\/stiri\/wp-json\/wp\/v2\/media?parent=49379"}],"wp:term":[{"taxonomy":"category","embeddable":true,"href":"https:\/\/www.giurgiuveanul.ro\/stiri\/wp-json\/wp\/v2\/categories?post=49379"},{"taxonomy":"post_tag","embeddable":true,"href":"https:\/\/www.giurgiuveanul.ro\/stiri\/wp-json\/wp\/v2\/tags?post=49379"}],"curies":[{"name":"wp","href":"https:\/\/api.w.org\/{rel}","templated":true}]}}