{"id":49388,"date":"2018-02-01T09:00:34","date_gmt":"2018-02-01T07:00:34","guid":{"rendered":"https:\/\/www.giurgiuveanul.ro\/stiri\/?p=49388"},"modified":"2018-02-01T09:00:34","modified_gmt":"2018-02-01T07:00:34","slug":"1-700-de-elevi-vor-da-bacul-la-giurgiu","status":"publish","type":"post","link":"https:\/\/www.giurgiuveanul.ro\/stiri\/1-700-de-elevi-vor-da-bacul-la-giurgiu\/","title":{"rendered":"1.700 de elevi vor da Bacul la Giurgiu"},"content":{"rendered":"<p style=\"text-align: justify;\"><strong><a href=\"https:\/\/www.giurgiuveanul.ro\/stiri\/wp-content\/uploads\/2018\/02\/img.jpg\"><img loading=\"lazy\" decoding=\"async\" class=\"aligncenter size-large wp-image-49389\" src=\"https:\/\/www.giurgiuveanul.ro\/stiri\/wp-content\/uploads\/2018\/02\/img-560x314.jpg\" alt=\"img\" width=\"560\" height=\"314\" srcset=\"https:\/\/www.giurgiuveanul.ro\/stiri\/wp-content\/uploads\/2018\/02\/img-560x314.jpg 560w, https:\/\/www.giurgiuveanul.ro\/stiri\/wp-content\/uploads\/2018\/02\/img-250x140.jpg 250w, https:\/\/www.giurgiuveanul.ro\/stiri\/wp-content\/uploads\/2018\/02\/img-400x225.jpg 400w, https:\/\/www.giurgiuveanul.ro\/stiri\/wp-content\/uploads\/2018\/02\/img.jpg 800w\" sizes=\"auto, (max-width: 560px) 100vw, 560px\" \/><\/a>\u00cen jude\u021bul Giurgiu, au fost desemnate <!--more-->12 centre de examen pentru evaluarea competen\u0163elor lingvistice \u015fi digitale pentru examenul na\u0163ional de Bacalaureat 2018. Este vorba de toate liceele din jude\u021b.<\/strong><\/p>\n<p style=\"text-align: justify;\">La nivelul celor 12 licee, aproximativ 1.700 de absolven\u0163i aspir\u0103 la diploma de Bacalaureat.<\/p>\n<p style=\"text-align: justify;\">\u00censcrierile la prima sesiune se pot face p\u00e2n\u0103 m\u00e2ine.<\/p>\n<p style=\"text-align: justify;\">Prima sesiune a examenului na\u0163ional de Bacalaureat 2018 \u00eencepe pe 12 februarie, cu proba de evaluare a competen\u0163elor lingvistice de comunicare oral\u0103 \u00een Limba rom\u00e2n\u0103 (proba A).<\/p>\n<p style=\"text-align: justify;\">Conform calendarului aprobat prin ordin de ministru, proba va continua \u00een data de 13 februarie \u015fi va fi urmat\u0103 de evaluarea competen\u0163elor lingvistice de comunicare oral\u0103 \u00een limba matern\u0103 (14 &#8211; 15 februarie).<\/p>\n<p style=\"text-align: justify;\">\u00cen zilele de 16, 19 \u015fi 20 februarie, este programat\u0103 evaluarea competen\u0163elor digitale (proba D), iar \u00een perioada 21-22 februarie, se va desf\u0103\u015fura evaluarea competen\u0163elor lingvistice \u00eentr-o limb\u0103 de circula\u0163ie interna\u0163ional\u0103 (proba C).<\/p>\n<p style=\"text-align: justify;\">Prima prob\u0103 scris\u0103 &#8211; Limba \u015fi literatura rom\u00e2n\u0103 &#8211; Ea) &#8211; va avea loc luni, 25 iunie.<\/p>\n<p style=\"text-align: justify;\">Proba la Limba si literatura matern\u0103 &#8211; Eb) este programat\u0103 mar\u0163i, 26 iunie, iar proba Ec) &#8211; proba obligatorie a profilului, miercuri, 27 iunie.<\/p>\n<p style=\"text-align: justify;\">Ultima prob\u0103 scris\u0103 &#8211; la alegere a profilului \u015fi specializ\u0103rii &#8211; proba Ed) &#8211; se va desf\u0103\u015fura joi, 28 iunie. Afi\u015farea primelor rezultate are ca termen data de 4 iulie (p\u00een\u0103 la ora 12.00) \u015fi e urmat\u0103 de depunerea contesta\u0163iilor (orele 12.00 &#8211; 16.00).<\/p>\n<p style=\"text-align: justify;\">\u00centre 5 \u015fi 8 iulie, vor fi solu\u0163ionate contesta\u0163iile, \u00een timp ce afi\u015farea rezultatelor finale este prev\u0103zut\u0103 pentru data de 9 iulie.<\/p>\n","protected":false},"excerpt":{"rendered":"<p>\u00cen jude\u021bul Giurgiu, au fost desemnate<\/p>\n","protected":false},"author":1,"featured_media":0,"comment_status":"open","ping_status":"open","sticky":false,"template":"","format":"standard","meta":{"footnotes":""},"categories":[6],"tags":[],"class_list":["post-49388","post","type-post","status-publish","format-standard","hentry","category-breaking-news"],"_links":{"self":[{"href":"https:\/\/www.giurgiuveanul.ro\/stiri\/wp-json\/wp\/v2\/posts\/49388","targetHints":{"allow":["GET"]}}],"collection":[{"href":"https:\/\/www.giurgiuveanul.ro\/stiri\/wp-json\/wp\/v2\/posts"}],"about":[{"href":"https:\/\/www.giurgiuveanul.ro\/stiri\/wp-json\/wp\/v2\/types\/post"}],"author":[{"embeddable":true,"href":"https:\/\/www.giurgiuveanul.ro\/stiri\/wp-json\/wp\/v2\/users\/1"}],"replies":[{"embeddable":true,"href":"https:\/\/www.giurgiuveanul.ro\/stiri\/wp-json\/wp\/v2\/comments?post=49388"}],"version-history":[{"count":0,"href":"https:\/\/www.giurgiuveanul.ro\/stiri\/wp-json\/wp\/v2\/posts\/49388\/revisions"}],"wp:attachment":[{"href":"https:\/\/www.giurgiuveanul.ro\/stiri\/wp-json\/wp\/v2\/media?parent=49388"}],"wp:term":[{"taxonomy":"category","embeddable":true,"href":"https:\/\/www.giurgiuveanul.ro\/stiri\/wp-json\/wp\/v2\/categories?post=49388"},{"taxonomy":"post_tag","embeddable":true,"href":"https:\/\/www.giurgiuveanul.ro\/stiri\/wp-json\/wp\/v2\/tags?post=49388"}],"curies":[{"name":"wp","href":"https:\/\/api.w.org\/{rel}","templated":true}]}}