{"id":49408,"date":"2018-02-01T18:36:49","date_gmt":"2018-02-01T16:36:49","guid":{"rendered":"https:\/\/www.giurgiuveanul.ro\/stiri\/?p=49408"},"modified":"2018-02-01T18:36:49","modified_gmt":"2018-02-01T16:36:49","slug":"tanar-giurgiuvean-retinut-in-baza-unui-mandat-european-de-arestare","status":"publish","type":"post","link":"https:\/\/www.giurgiuveanul.ro\/stiri\/tanar-giurgiuvean-retinut-in-baza-unui-mandat-european-de-arestare\/","title":{"rendered":"T\u00e2n\u0103r giurgiuvean, re\u021binut \u00een baza unui Mandat European de Arestare"},"content":{"rendered":"<p style=\"text-align: justify;\"><strong><a href=\"https:\/\/www.giurgiuveanul.ro\/stiri\/wp-content\/uploads\/2018\/02\/mandat-european-de-arestare.jpg\"><img loading=\"lazy\" decoding=\"async\" class=\"aligncenter size-large wp-image-49409\" src=\"https:\/\/www.giurgiuveanul.ro\/stiri\/wp-content\/uploads\/2018\/02\/mandat-european-de-arestare-560x296.jpg\" alt=\"mandat-european-de-arestare\" width=\"560\" height=\"296\" srcset=\"https:\/\/www.giurgiuveanul.ro\/stiri\/wp-content\/uploads\/2018\/02\/mandat-european-de-arestare-560x296.jpg 560w, https:\/\/www.giurgiuveanul.ro\/stiri\/wp-content\/uploads\/2018\/02\/mandat-european-de-arestare-250x132.jpg 250w, https:\/\/www.giurgiuveanul.ro\/stiri\/wp-content\/uploads\/2018\/02\/mandat-european-de-arestare-400x211.jpg 400w, https:\/\/www.giurgiuveanul.ro\/stiri\/wp-content\/uploads\/2018\/02\/mandat-european-de-arestare.jpg 710w\" sizes=\"auto, (max-width: 560px) 100vw, 560px\" \/><\/a>Un t\u00e2n\u0103r<!--more--> dintr-o comun\u0103 giurgiuvean\u0103 a fost re\u021binut de poli\u021bi\u0219ti dup\u0103 ce autorit\u0103\u021bile judiciare italiene au emis pe numele acestuia un mandat\u00a0 european de arestare.<\/strong><\/p>\n<p style=\"text-align: justify;\">Miercuri 31 ianuarie a.c., poli\u021bi\u0219tii Serviciului Investiga\u021bii Criminale \u0219i Postului de Politie Fr\u0103te\u0219ti din cadrul I.P.J. Giurgiu au re\u021binut \u00een urma unei ac\u021biuni specifice desf\u0103\u0219urate pe linie de urm\u0103ri\u021bi, \u00een comuna Fr\u0103te\u0219ti, jude\u021bul Giurgiu, un t\u00e2n\u0103r de 30 ani, din localitate, pe numele c\u0103ruia autorit\u0103\u021bile judiciare din Italia au emis la data de 10.10.2017 Mandat European de Arestare.<\/p>\n<p style=\"text-align: justify;\">Condamnatul a fost prezentat procurorului de supraveghere din cadrul Parchetului de pe l\u00e2ng\u0103 Curtea de Apel Bucure\u0219ti care a emis ordonan\u021b\u0103 de re\u021binere pe 24 ore, urm\u00e2nd s\u0103 fie prezentat judec\u0103torului de drepturi \u0219i libert\u0103\u021bi din cadrul Cur\u021bii de Apel Bucure\u0219ti.<\/p>\n","protected":false},"excerpt":{"rendered":"<p>Un t\u00e2n\u0103r<\/p>\n","protected":false},"author":1,"featured_media":0,"comment_status":"open","ping_status":"open","sticky":false,"template":"","format":"standard","meta":{"footnotes":""},"categories":[6],"tags":[],"class_list":["post-49408","post","type-post","status-publish","format-standard","hentry","category-breaking-news"],"_links":{"self":[{"href":"https:\/\/www.giurgiuveanul.ro\/stiri\/wp-json\/wp\/v2\/posts\/49408","targetHints":{"allow":["GET"]}}],"collection":[{"href":"https:\/\/www.giurgiuveanul.ro\/stiri\/wp-json\/wp\/v2\/posts"}],"about":[{"href":"https:\/\/www.giurgiuveanul.ro\/stiri\/wp-json\/wp\/v2\/types\/post"}],"author":[{"embeddable":true,"href":"https:\/\/www.giurgiuveanul.ro\/stiri\/wp-json\/wp\/v2\/users\/1"}],"replies":[{"embeddable":true,"href":"https:\/\/www.giurgiuveanul.ro\/stiri\/wp-json\/wp\/v2\/comments?post=49408"}],"version-history":[{"count":0,"href":"https:\/\/www.giurgiuveanul.ro\/stiri\/wp-json\/wp\/v2\/posts\/49408\/revisions"}],"wp:attachment":[{"href":"https:\/\/www.giurgiuveanul.ro\/stiri\/wp-json\/wp\/v2\/media?parent=49408"}],"wp:term":[{"taxonomy":"category","embeddable":true,"href":"https:\/\/www.giurgiuveanul.ro\/stiri\/wp-json\/wp\/v2\/categories?post=49408"},{"taxonomy":"post_tag","embeddable":true,"href":"https:\/\/www.giurgiuveanul.ro\/stiri\/wp-json\/wp\/v2\/tags?post=49408"}],"curies":[{"name":"wp","href":"https:\/\/api.w.org\/{rel}","templated":true}]}}