{"id":49414,"date":"2018-02-02T09:28:08","date_gmt":"2018-02-02T07:28:08","guid":{"rendered":"https:\/\/www.giurgiuveanul.ro\/stiri\/?p=49414"},"modified":"2018-02-02T09:28:08","modified_gmt":"2018-02-02T07:28:08","slug":"40-de-elevi-de-la-liceul-tehnologic-ion-barbu-giurgiu-vor-efectua-stagiu-de-formare-profesionala-in-portugalia","status":"publish","type":"post","link":"https:\/\/www.giurgiuveanul.ro\/stiri\/40-de-elevi-de-la-liceul-tehnologic-ion-barbu-giurgiu-vor-efectua-stagiu-de-formare-profesionala-in-portugalia\/","title":{"rendered":"40 de elevi de la Liceul Tehnologic \u201eIon Barbu\u201d Giurgiu vor efectua un stagiu de formare profesional\u0103 \u00een Portugalia!"},"content":{"rendered":"<p style=\"text-align: justify;\"><strong><a href=\"https:\/\/www.giurgiuveanul.ro\/stiri\/wp-content\/uploads\/2018\/02\/IMG_1130-2.jpg\"><img loading=\"lazy\" decoding=\"async\" class=\"aligncenter size-large wp-image-49415\" src=\"https:\/\/www.giurgiuveanul.ro\/stiri\/wp-content\/uploads\/2018\/02\/IMG_1130-2-560x401.jpg\" alt=\"IMG_1130-2\" width=\"560\" height=\"401\" srcset=\"https:\/\/www.giurgiuveanul.ro\/stiri\/wp-content\/uploads\/2018\/02\/IMG_1130-2-560x401.jpg 560w, https:\/\/www.giurgiuveanul.ro\/stiri\/wp-content\/uploads\/2018\/02\/IMG_1130-2-250x179.jpg 250w, https:\/\/www.giurgiuveanul.ro\/stiri\/wp-content\/uploads\/2018\/02\/IMG_1130-2-400x287.jpg 400w, https:\/\/www.giurgiuveanul.ro\/stiri\/wp-content\/uploads\/2018\/02\/IMG_1130-2.jpg 800w\" sizes=\"auto, (max-width: 560px) 100vw, 560px\" \/><\/a>\u00cen <!--more-->perioadele 18 februarie 2018 \u2013 10 martie 2018 \u0219i\u00a0\u00a0 22 aprilie 2018 \u2013 12 mai 2018, 40 de elevi ai Liceului Tehnologic \u201eIon Barbu\u201d Giurgiu, \u00eempreun\u0103 cu c\u00e2te doi profesori \u00eenso\u021bitori \u0219i un monitor pentru fiecare flux, se vor deplasa \u00een Portugalia, la Lisabona, unde se va desf\u0103\u0219ura proiectul \u201c\u00cenvesti\u021bie \u00een viitor prin Erasmus+\u201d.<\/strong><\/p>\n<p style=\"text-align: justify;\"><a href=\"https:\/\/www.giurgiuveanul.ro\/stiri\/wp-content\/uploads\/2018\/02\/27661343_1544327708949641_131931655_n.jpg\"><img loading=\"lazy\" decoding=\"async\" class=\"aligncenter size-large wp-image-49416\" src=\"https:\/\/www.giurgiuveanul.ro\/stiri\/wp-content\/uploads\/2018\/02\/27661343_1544327708949641_131931655_n-560x387.jpg\" alt=\"27661343_1544327708949641_131931655_n\" width=\"560\" height=\"387\" srcset=\"https:\/\/www.giurgiuveanul.ro\/stiri\/wp-content\/uploads\/2018\/02\/27661343_1544327708949641_131931655_n-560x387.jpg 560w, https:\/\/www.giurgiuveanul.ro\/stiri\/wp-content\/uploads\/2018\/02\/27661343_1544327708949641_131931655_n-250x173.jpg 250w, https:\/\/www.giurgiuveanul.ro\/stiri\/wp-content\/uploads\/2018\/02\/27661343_1544327708949641_131931655_n-400x277.jpg 400w, https:\/\/www.giurgiuveanul.ro\/stiri\/wp-content\/uploads\/2018\/02\/27661343_1544327708949641_131931655_n.jpg 960w\" sizes=\"auto, (max-width: 560px) 100vw, 560px\" \/><\/a><\/p>\n<p style=\"text-align: justify;\">Stagiile de formare profesional\u0103 \u00een alt\u0103 \u0163ar\u0103 \u00eembun\u0103t\u0103\u0163esc procesul de tranzi\u0163ie de la educa\u0163ie \u015fi formare c\u0103tre pia\u0163a muncii consolid\u00e2nd \u00een acela\u015fi timp cooperarea european\u0103 \u00een domeniul educa\u0163iei \u015fi form\u0103rii profesionale.<\/p>\n<p style=\"text-align: justify;\">Elevii vor efectua un stagiu de formare profesional\u0103 \u00een Portugalia.<\/p>\n<p style=\"text-align: justify;\">Preg\u0103tirea constituie parte integrant\u0103 a activit\u0103\u0163ii \u015fi va include cursuri de limb\u0103 str\u0103in\u0103 precum \u015fi preg\u0103tire cultural\u0103 \u015fi practic\u0103.<\/p>\n<p style=\"text-align: justify;\">Echipa de proiect este format\u0103 din: <strong>prof. Adela Colib\u0103\u0219anu<\/strong> &#8211; coordonator proiect \u0219i responsabil formare profesionala \u2013 turism, <strong>prof. Mihaela C\u00eerjaliu<\/strong> &#8211; director, responsabil formare profesional\u0103 \u2013 Alimenta\u021bie public\u0103, <strong>prof. Stelic\u0103 Toban<\/strong> &#8211; responsabil formare profesional\u0103 &#8211; Comer\u021b, <strong>prof. Adriana Trofin<\/strong> &#8211; responsabil cu diseminarea proiectului, <strong>prof. Maria Sonea<\/strong> &#8211; responsabil cu valorizarea rezultatelor proiectului, <strong>prof. M\u0103d\u0103lina Vocheci<\/strong> &#8211; responsabil cu igiena, securitatea \u00een munc\u0103 \u0219i managementul riscului, <strong>economist R\u0103zvan \u0218tirbu<\/strong> \u2013 responsabil financiar.<\/p>\n","protected":false},"excerpt":{"rendered":"<p>\u00cen<\/p>\n","protected":false},"author":1,"featured_media":0,"comment_status":"open","ping_status":"open","sticky":false,"template":"","format":"standard","meta":{"footnotes":""},"categories":[6],"tags":[],"class_list":["post-49414","post","type-post","status-publish","format-standard","hentry","category-breaking-news"],"_links":{"self":[{"href":"https:\/\/www.giurgiuveanul.ro\/stiri\/wp-json\/wp\/v2\/posts\/49414","targetHints":{"allow":["GET"]}}],"collection":[{"href":"https:\/\/www.giurgiuveanul.ro\/stiri\/wp-json\/wp\/v2\/posts"}],"about":[{"href":"https:\/\/www.giurgiuveanul.ro\/stiri\/wp-json\/wp\/v2\/types\/post"}],"author":[{"embeddable":true,"href":"https:\/\/www.giurgiuveanul.ro\/stiri\/wp-json\/wp\/v2\/users\/1"}],"replies":[{"embeddable":true,"href":"https:\/\/www.giurgiuveanul.ro\/stiri\/wp-json\/wp\/v2\/comments?post=49414"}],"version-history":[{"count":0,"href":"https:\/\/www.giurgiuveanul.ro\/stiri\/wp-json\/wp\/v2\/posts\/49414\/revisions"}],"wp:attachment":[{"href":"https:\/\/www.giurgiuveanul.ro\/stiri\/wp-json\/wp\/v2\/media?parent=49414"}],"wp:term":[{"taxonomy":"category","embeddable":true,"href":"https:\/\/www.giurgiuveanul.ro\/stiri\/wp-json\/wp\/v2\/categories?post=49414"},{"taxonomy":"post_tag","embeddable":true,"href":"https:\/\/www.giurgiuveanul.ro\/stiri\/wp-json\/wp\/v2\/tags?post=49414"}],"curies":[{"name":"wp","href":"https:\/\/api.w.org\/{rel}","templated":true}]}}