{"id":49429,"date":"2018-02-02T17:53:22","date_gmt":"2018-02-02T15:53:22","guid":{"rendered":"https:\/\/www.giurgiuveanul.ro\/stiri\/?p=49429"},"modified":"2018-02-02T17:53:30","modified_gmt":"2018-02-02T15:53:30","slug":"copil-de-sapte-ani-accidentat-de-masina-dupa-ce-traversat-strada-prin-loc-nepermis-si-fara-sa-se-asigure","status":"publish","type":"post","link":"https:\/\/www.giurgiuveanul.ro\/stiri\/copil-de-sapte-ani-accidentat-de-masina-dupa-ce-traversat-strada-prin-loc-nepermis-si-fara-sa-se-asigure\/","title":{"rendered":"Un copil de \u015fapte ani, accidentat de o ma\u015fin\u0103 dup\u0103 ce a traversat strada prin loc nepermis \u015fi f\u0103r\u0103 s\u0103 se asigure"},"content":{"rendered":"<p style=\"text-align: justify;\"><strong><a href=\"https:\/\/www.giurgiuveanul.ro\/stiri\/wp-content\/uploads\/2018\/02\/IMG_6633.jpg\"><img loading=\"lazy\" decoding=\"async\" class=\"aligncenter size-large wp-image-49430\" src=\"https:\/\/www.giurgiuveanul.ro\/stiri\/wp-content\/uploads\/2018\/02\/IMG_6633-560x312.jpg\" alt=\"IMG_6633\" width=\"560\" height=\"312\" srcset=\"https:\/\/www.giurgiuveanul.ro\/stiri\/wp-content\/uploads\/2018\/02\/IMG_6633-560x312.jpg 560w, https:\/\/www.giurgiuveanul.ro\/stiri\/wp-content\/uploads\/2018\/02\/IMG_6633-250x139.jpg 250w, https:\/\/www.giurgiuveanul.ro\/stiri\/wp-content\/uploads\/2018\/02\/IMG_6633-400x223.jpg 400w, https:\/\/www.giurgiuveanul.ro\/stiri\/wp-content\/uploads\/2018\/02\/IMG_6633.jpg 800w\" sizes=\"auto, (max-width: 560px) 100vw, 560px\" \/><\/a>Un minor,<!--more--> \u00een v\u00e2rst\u0103 de \u015fapte ani, a fost accidentat u\u0219or \u00een timp ce traversa strada \u00een fug\u0103, prin loc nemarcat \u0219i nesemnalizat cu trecere pentru pietoni, f\u0103r\u0103 s\u0103 se asigure.<\/strong><\/p>\n<p style=\"text-align: justify;\">O t\u00e2n\u0103r\u0103 de 32 ani, din comuna Her\u0103\u0219ti, \u00een timp ce conducea un autoturism pe Drumul Jude\u021bean 401, \u00een localitatea Her\u0103\u0219ti, a accidentat u\u0219or un minor de \u015fapte ani, din localitate, pieton care se angajase \u00een traversarea str\u0103zii prin loc nemarcat \u0219i nesemnalizat cu trecere pentru pietoni, f\u0103r\u0103 s\u0103 se asigure.<\/p>\n<p style=\"text-align: justify;\">Din accident a rezultat r\u0103nirea u\u0219oar\u0103 a minorului, care a fost transportat la Spitalul Clinic de Urgen\u021b\u0103 pentru Copii \u201eMarie Curie\u201d Bucure\u0219ti.<\/p>\n<p style=\"text-align: justify;\">Conduc\u0103torul auto a fost testat cu aparatul etilotest, rezultatul fiind zero alcool \u00een aerul expirat.<\/p>\n<p>Poli\u021bi\u0219tii au \u00een tocmit \u00een cauz\u0103 un dosar penal \u00een care continu\u0103 cercet\u0103rile sub aspectul s\u0103v\u00e2r\u0219irii infrac\u021biunii de v\u0103t\u0103mare corporal\u0103 din culp\u0103.<\/p>\n","protected":false},"excerpt":{"rendered":"<p>Un minor,<\/p>\n","protected":false},"author":1,"featured_media":0,"comment_status":"open","ping_status":"open","sticky":false,"template":"","format":"standard","meta":{"footnotes":""},"categories":[6],"tags":[],"class_list":["post-49429","post","type-post","status-publish","format-standard","hentry","category-breaking-news"],"_links":{"self":[{"href":"https:\/\/www.giurgiuveanul.ro\/stiri\/wp-json\/wp\/v2\/posts\/49429","targetHints":{"allow":["GET"]}}],"collection":[{"href":"https:\/\/www.giurgiuveanul.ro\/stiri\/wp-json\/wp\/v2\/posts"}],"about":[{"href":"https:\/\/www.giurgiuveanul.ro\/stiri\/wp-json\/wp\/v2\/types\/post"}],"author":[{"embeddable":true,"href":"https:\/\/www.giurgiuveanul.ro\/stiri\/wp-json\/wp\/v2\/users\/1"}],"replies":[{"embeddable":true,"href":"https:\/\/www.giurgiuveanul.ro\/stiri\/wp-json\/wp\/v2\/comments?post=49429"}],"version-history":[{"count":0,"href":"https:\/\/www.giurgiuveanul.ro\/stiri\/wp-json\/wp\/v2\/posts\/49429\/revisions"}],"wp:attachment":[{"href":"https:\/\/www.giurgiuveanul.ro\/stiri\/wp-json\/wp\/v2\/media?parent=49429"}],"wp:term":[{"taxonomy":"category","embeddable":true,"href":"https:\/\/www.giurgiuveanul.ro\/stiri\/wp-json\/wp\/v2\/categories?post=49429"},{"taxonomy":"post_tag","embeddable":true,"href":"https:\/\/www.giurgiuveanul.ro\/stiri\/wp-json\/wp\/v2\/tags?post=49429"}],"curies":[{"name":"wp","href":"https:\/\/api.w.org\/{rel}","templated":true}]}}