{"id":49444,"date":"2018-02-03T18:48:44","date_gmt":"2018-02-03T16:48:44","guid":{"rendered":"https:\/\/www.giurgiuveanul.ro\/stiri\/?p=49444"},"modified":"2018-02-03T18:48:44","modified_gmt":"2018-02-03T16:48:44","slug":"intre-doua-stiri-sau-abilitate-de-ziarist","status":"publish","type":"post","link":"https:\/\/www.giurgiuveanul.ro\/stiri\/intre-doua-stiri-sau-abilitate-de-ziarist\/","title":{"rendered":"\u00centre dou\u0103 \u015ftiri sau abilitate de ziarist!"},"content":{"rendered":"<p style=\"text-align: justify;\"><a href=\"https:\/\/www.giurgiuveanul.ro\/stiri\/wp-content\/uploads\/2018\/02\/semn-intrebare.jpg\"><img loading=\"lazy\" decoding=\"async\" class=\"aligncenter size-large wp-image-49445\" src=\"https:\/\/www.giurgiuveanul.ro\/stiri\/wp-content\/uploads\/2018\/02\/semn-intrebare-560x439.jpg\" alt=\"semn intrebare\" width=\"560\" height=\"439\" srcset=\"https:\/\/www.giurgiuveanul.ro\/stiri\/wp-content\/uploads\/2018\/02\/semn-intrebare-560x439.jpg 560w, https:\/\/www.giurgiuveanul.ro\/stiri\/wp-content\/uploads\/2018\/02\/semn-intrebare-250x196.jpg 250w, https:\/\/www.giurgiuveanul.ro\/stiri\/wp-content\/uploads\/2018\/02\/semn-intrebare-400x314.jpg 400w, https:\/\/www.giurgiuveanul.ro\/stiri\/wp-content\/uploads\/2018\/02\/semn-intrebare.jpg 800w\" sizes=\"auto, (max-width: 560px) 100vw, 560px\" \/><\/a>2 februarie 2018. Citesc \u00een GIURGIUVEANUL, lucru pe care-l fac zilnic cu mult\u0103 pl\u0103cere zilnic, \u015ftirea:<!--more--> <strong><em>40 elevi\u00a0 &#8211; giurgiuveni \u2013 vor efectua un stagiu de formare profesional\u0103 \u00een Portugalia !<\/em><\/strong><\/p>\n<p style=\"text-align: justify;\">Am re\u0163inut semnul exclam\u0103rii pus la sf\u00e2r\u015fit de ziarist.<\/p>\n<p style=\"text-align: justify;\">Profesionist, ziaristul a exprimat o inten\u0163ie, o evaluare a \u015ftirii. Num\u0103rul de 40 i s-a p\u0103rut mare\u00a0 sau prea mic ? Era un lucru nou \u015fi demn de semnalat ? Cititorul, nu neap\u0103rat\u00a0 cititorul c\u00e2rcota\u015f, involuntar sau cu inten\u0163ie, cite\u015fte \u00een propria cheie \u015ftirea. Se mir\u0103 de ce elevii rom\u00e2ni pleac\u0103 peste hotare pentru formare profesional\u0103 \u015fi de ce , cu ceva ani \u00een urm\u0103, au fost desfiin\u0163ate \u015fcolile profesionale a\u015fa cum fuseser\u0103 ele g\u00e2ndite de Spiru Haret la \u00eenceputul sec. al XX-lea. \u00cenv\u0103\u0163\u0103m\u00e2ntul profesional rom\u00e2nesc avea o frumoas\u0103 tradi\u0163ie! E drept, avea \u015fi o industrie care trebuia s\u0103 fie alimentat\u0103 cu for\u0163\u0103 de munc\u0103 bine preg\u0103tit\u0103.<\/p>\n<p style=\"text-align: justify;\">A doua \u015ftire: <strong><em>Giurgiu, primul loc la infectarea cu HIV<\/em><\/strong>&#8230;\u00a0Semnul exclam\u0103rii nu mai apare. Ziaristului\u00a0 nu i se pare lucru de mirare sau \u015ftia mai mult dec\u00e2t l\u0103sa a se \u00een\u0163elege c\u0103 ar \u015fti? \u015etirea era dat\u0103 la modul cel mai normal posibil!<\/p>\n<p style=\"text-align: justify;\">S\u0103 fim bine \u00een\u0163ele\u015fi: nu fac proces de inten\u0163ie ziaristului!<\/p>\n<p style=\"text-align: justify;\">M\u0103 \u00eengrijoreaz\u0103 \u00eens\u0103 un lucru: la toate posturile de radio \u015fi televiziune, \u015fi \u00een pres\u0103 uneori, \u00a0, cu o insisten\u0163\u0103 greu de \u00een\u0163eles \u015fi cu o voluptate din partea unor <em>\u015ftiri\u015fti <\/em>nem\u0103surat\u0103, se prezint\u0103 crime, violuri, violen\u0163e \u00een \u015fcoli, pe strad\u0103, \u00een familie, pedofili, cazuri de bigamie, incest, prostitu\u0163ie, homosexuali,\u00a0 \u00eenc\u00e2t te-ntrebi adesea dac\u0103 toate acestea se \u00eent\u00e2mpl\u0103 la noi.<\/p>\n<p style=\"text-align: justify;\">Pitagora \u00een antichitate spunea s\u0103 fie l\u0103sat r\u0103ul s\u0103 treac\u0103! S\u0103 fie dat uit\u0103rii c\u00e2t mai repede! Poate se petreceau mai pu\u0163ine lucruri rele!<\/p>\n<p style=\"text-align: justify;\">Revenind, trebuie spus c\u0103, tot vorbind de asemenea lucruri, copiii no\u015ftri nu vor mai \u015fti ce este normal \u015fi ce este Anormal!<\/p>\n<p style=\"text-align: justify;\">S\u0103 fie o fals\u0103 problem\u0103 ceea ce eu discut?<\/p>\n<p style=\"text-align: justify;\">Uite c\u0103 nici acest lucru nu-l mai \u015ftiu sigur!<\/p>\n<p style=\"text-align: justify;\">Gh.C.Br.<\/p>\n","protected":false},"excerpt":{"rendered":"<p>2 februarie 2018. Citesc \u00een GIURGIUVEANUL, lucru pe care-l fac zilnic cu mult\u0103 pl\u0103cere zilnic, \u015ftirea:<\/p>\n","protected":false},"author":1,"featured_media":0,"comment_status":"open","ping_status":"open","sticky":false,"template":"","format":"standard","meta":{"footnotes":""},"categories":[21],"tags":[],"class_list":["post-49444","post","type-post","status-publish","format-standard","hentry","category-opinia-mea"],"_links":{"self":[{"href":"https:\/\/www.giurgiuveanul.ro\/stiri\/wp-json\/wp\/v2\/posts\/49444","targetHints":{"allow":["GET"]}}],"collection":[{"href":"https:\/\/www.giurgiuveanul.ro\/stiri\/wp-json\/wp\/v2\/posts"}],"about":[{"href":"https:\/\/www.giurgiuveanul.ro\/stiri\/wp-json\/wp\/v2\/types\/post"}],"author":[{"embeddable":true,"href":"https:\/\/www.giurgiuveanul.ro\/stiri\/wp-json\/wp\/v2\/users\/1"}],"replies":[{"embeddable":true,"href":"https:\/\/www.giurgiuveanul.ro\/stiri\/wp-json\/wp\/v2\/comments?post=49444"}],"version-history":[{"count":0,"href":"https:\/\/www.giurgiuveanul.ro\/stiri\/wp-json\/wp\/v2\/posts\/49444\/revisions"}],"wp:attachment":[{"href":"https:\/\/www.giurgiuveanul.ro\/stiri\/wp-json\/wp\/v2\/media?parent=49444"}],"wp:term":[{"taxonomy":"category","embeddable":true,"href":"https:\/\/www.giurgiuveanul.ro\/stiri\/wp-json\/wp\/v2\/categories?post=49444"},{"taxonomy":"post_tag","embeddable":true,"href":"https:\/\/www.giurgiuveanul.ro\/stiri\/wp-json\/wp\/v2\/tags?post=49444"}],"curies":[{"name":"wp","href":"https:\/\/api.w.org\/{rel}","templated":true}]}}