{"id":49456,"date":"2018-02-04T11:54:38","date_gmt":"2018-02-04T09:54:38","guid":{"rendered":"https:\/\/www.giurgiuveanul.ro\/stiri\/?p=49456"},"modified":"2018-02-04T11:54:38","modified_gmt":"2018-02-04T09:54:38","slug":"de-ce-demisionat-toma-petcu-din-functia-de-ministru-al-energiei","status":"publish","type":"post","link":"https:\/\/www.giurgiuveanul.ro\/stiri\/de-ce-demisionat-toma-petcu-din-functia-de-ministru-al-energiei\/","title":{"rendered":"De ce a demisionat Toma Petcu din func\u0163ia de ministru al Energiei?"},"content":{"rendered":"<p style=\"text-align: justify;\"><strong><a href=\"https:\/\/www.giurgiuveanul.ro\/stiri\/wp-content\/uploads\/2018\/02\/27657901_759601507573217_7395485542327013669_n.jpg\"><img loading=\"lazy\" decoding=\"async\" class=\"aligncenter size-large wp-image-49457\" src=\"https:\/\/www.giurgiuveanul.ro\/stiri\/wp-content\/uploads\/2018\/02\/27657901_759601507573217_7395485542327013669_n-367x450.jpg\" alt=\"27657901_759601507573217_7395485542327013669_n\" width=\"367\" height=\"450\" srcset=\"https:\/\/www.giurgiuveanul.ro\/stiri\/wp-content\/uploads\/2018\/02\/27657901_759601507573217_7395485542327013669_n-367x450.jpg 367w, https:\/\/www.giurgiuveanul.ro\/stiri\/wp-content\/uploads\/2018\/02\/27657901_759601507573217_7395485542327013669_n-245x300.jpg 245w, https:\/\/www.giurgiuveanul.ro\/stiri\/wp-content\/uploads\/2018\/02\/27657901_759601507573217_7395485542327013669_n-400x490.jpg 400w, https:\/\/www.giurgiuveanul.ro\/stiri\/wp-content\/uploads\/2018\/02\/27657901_759601507573217_7395485542327013669_n.jpg 783w\" sizes=\"auto, (max-width: 367px) 100vw, 367px\" \/><\/a>Fostul ministru al Energiei, giurgiuveanul Toma Petcu, a <!--more-->sus\u0163inut, recent, o conferin\u0163\u0103 de pres\u0103 la sediul ALDE Giurgiu, forma\u0163iune politic\u0103 al c\u0103rei lider este, \u00een care a\u00a0dezv\u0103luit argumentele care au stat la baza demisiei sale din aceast\u0103 demnitate.<\/strong><\/p>\n<p style=\"text-align: justify;\">\u00cen primul r\u00e2nd, a spus\u00a0Toma Petcu, \u015fi-a analizat foarte am\u0103nun\u0163it situa\u0163ia personal\u0103 \u015fi profesional\u0103.<\/p>\n<p style=\"text-align: justify;\"><em>\u201eAnaliza mea s-a dus pe mai multe planuri \u015fi, poate, pentru prima dat\u0103 de c\u00e2nd fac politic\u0103, de peste 15 ani, am fost pu\u0163in subiectiv \u015fi p\u0103rtinitor pentru mine \u015fi pentru familia mea<\/em>, a men\u0163ionat <strong>Toma Petcu<\/strong>. <em>Crede\u0163i-m\u0103 c\u0103 nu este foarte u\u015for dup\u0103 o perioad\u0103 destul de critic\u0103, din punct de vedere al s\u0103n\u0103t\u0103\u0163ii, s\u0103 r\u0103m\u00e2i \u00een continuare izolat, pentru c\u0103 familia mea a r\u0103mas \u00een continuare \u00een Giurgiu \u015fi f\u0103ceam naveta la dou\u0103 \u2013 trei s\u0103pt\u0103m\u00e2ni. Nu am vrut niciodat\u0103 s\u0103 plec din Giurgiu \u015fi am spus tot timpul r\u0103spicat c\u0103 voi r\u0103m\u00e2ne \u00een Giurgiu, pentru c\u0103 am un obiectiv care \u0163ine de ora\u015ful meu natal. Nu a fost foarte u\u015for s\u0103 iau decizia s\u0103 p\u0103strez un echilibru \u00eentre familie, serviciu \u015fi s\u0103n\u0103tate\u201d.<\/em><\/p>\n<p style=\"text-align: justify;\"><em>\u201ePe de alt\u0103 parte,<\/em> a mai subliniat liderul ALDE Giurgiu, <em>s\u0103 fiu sincer, din punct de vedere al situa\u0163iei medicale lucrurile sunt foarte bune pentru mine, \u00een acest moment, doar c\u0103 timp de doi ani, un an a trecut, exist\u0103 o perioad\u0103 destul de critic\u0103 din punct de vedere al monitoriz\u0103rii \u015fi al posibilit\u0103\u0163ii \u015fi perspectivei de re\u00eentoarcere a problemei medicale. \u015ei atunci argumentul ca \u00een acest an lucrurile s\u0103 fie foarte bune pentru mine este mai puternic dec\u00e2t orice alt\u0103 dorin\u0163\u0103 a mea sau a unora s\u0103 r\u0103m\u00e2n pe scaunul de ministru\u201d. <\/em><\/p>\n","protected":false},"excerpt":{"rendered":"<p>Fostul ministru al Energiei, giurgiuveanul Toma Petcu, a<\/p>\n","protected":false},"author":1,"featured_media":0,"comment_status":"open","ping_status":"open","sticky":false,"template":"","format":"standard","meta":{"footnotes":""},"categories":[6],"tags":[],"class_list":["post-49456","post","type-post","status-publish","format-standard","hentry","category-breaking-news"],"_links":{"self":[{"href":"https:\/\/www.giurgiuveanul.ro\/stiri\/wp-json\/wp\/v2\/posts\/49456","targetHints":{"allow":["GET"]}}],"collection":[{"href":"https:\/\/www.giurgiuveanul.ro\/stiri\/wp-json\/wp\/v2\/posts"}],"about":[{"href":"https:\/\/www.giurgiuveanul.ro\/stiri\/wp-json\/wp\/v2\/types\/post"}],"author":[{"embeddable":true,"href":"https:\/\/www.giurgiuveanul.ro\/stiri\/wp-json\/wp\/v2\/users\/1"}],"replies":[{"embeddable":true,"href":"https:\/\/www.giurgiuveanul.ro\/stiri\/wp-json\/wp\/v2\/comments?post=49456"}],"version-history":[{"count":0,"href":"https:\/\/www.giurgiuveanul.ro\/stiri\/wp-json\/wp\/v2\/posts\/49456\/revisions"}],"wp:attachment":[{"href":"https:\/\/www.giurgiuveanul.ro\/stiri\/wp-json\/wp\/v2\/media?parent=49456"}],"wp:term":[{"taxonomy":"category","embeddable":true,"href":"https:\/\/www.giurgiuveanul.ro\/stiri\/wp-json\/wp\/v2\/categories?post=49456"},{"taxonomy":"post_tag","embeddable":true,"href":"https:\/\/www.giurgiuveanul.ro\/stiri\/wp-json\/wp\/v2\/tags?post=49456"}],"curies":[{"name":"wp","href":"https:\/\/api.w.org\/{rel}","templated":true}]}}