{"id":49475,"date":"2018-02-04T16:18:54","date_gmt":"2018-02-04T14:18:54","guid":{"rendered":"https:\/\/www.giurgiuveanul.ro\/stiri\/?p=49475"},"modified":"2018-02-04T16:25:41","modified_gmt":"2018-02-04T14:25:41","slug":"vom-plati-doi-lei-garantie-pentru-ambalajele-produselor","status":"publish","type":"post","link":"https:\/\/www.giurgiuveanul.ro\/stiri\/vom-plati-doi-lei-garantie-pentru-ambalajele-produselor\/","title":{"rendered":"Vom pl\u0103ti doi lei garan\u021bie pentru ambalajele produselor!"},"content":{"rendered":"<p style=\"text-align: justify;\"><strong><a href=\"https:\/\/www.giurgiuveanul.ro\/stiri\/wp-content\/uploads\/2018\/02\/dc-Cover-rkk7kibkdqvknsqp4qbv2tsq01-20160315034635.Medi_.jpeg\"><img loading=\"lazy\" decoding=\"async\" class=\"aligncenter size-large wp-image-49476\" src=\"https:\/\/www.giurgiuveanul.ro\/stiri\/wp-content\/uploads\/2018\/02\/dc-Cover-rkk7kibkdqvknsqp4qbv2tsq01-20160315034635.Medi_-560x314.jpeg\" alt=\"dc-Cover-rkk7kibkdqvknsqp4qbv2tsq01-20160315034635.Medi\" width=\"560\" height=\"314\" srcset=\"https:\/\/www.giurgiuveanul.ro\/stiri\/wp-content\/uploads\/2018\/02\/dc-Cover-rkk7kibkdqvknsqp4qbv2tsq01-20160315034635.Medi_-560x314.jpeg 560w, https:\/\/www.giurgiuveanul.ro\/stiri\/wp-content\/uploads\/2018\/02\/dc-Cover-rkk7kibkdqvknsqp4qbv2tsq01-20160315034635.Medi_-250x140.jpeg 250w, https:\/\/www.giurgiuveanul.ro\/stiri\/wp-content\/uploads\/2018\/02\/dc-Cover-rkk7kibkdqvknsqp4qbv2tsq01-20160315034635.Medi_-400x224.jpeg 400w, https:\/\/www.giurgiuveanul.ro\/stiri\/wp-content\/uploads\/2018\/02\/dc-Cover-rkk7kibkdqvknsqp4qbv2tsq01-20160315034635.Medi_.jpeg 800w\" sizes=\"auto, (max-width: 560px) 100vw, 560px\" \/><\/a>Potrivit<!--more-->\u00a0unui proiect normativ \u00een dezbatere la acest moment, rom\u00e2nii vor pl\u0103ti pe l\u00e2ng\u0103 pre\u021bul produsului pe care-l cump\u0103r\u0103m \u0219i un pre\u021b pe ambalajul respectivului produs \u00een valoare de doi lei.<\/strong><\/p>\n<p style=\"text-align: justify;\">Cei doi lei pe ambalaj se vor putea recupera dac\u0103-l ducem \u00eenapoi la magazin. Practic, vom achita o garan\u021bie de reciclare a ambalajelor.<\/p>\n<p style=\"text-align: justify;\">\u00cen ideea c\u0103 vom duce la reciclare ambalajele produselor pe care le cump\u0103r\u0103m, va trebui s\u0103 achit\u0103m, pe l\u00e2ng\u0103 pre\u021bul produsului, \u0219i o garan\u021bie pe ambalaj \u00een valoare de doi lei, bani pe care \u00eei vom primi \u00eenapoi c\u00e2nd recicl\u0103m ambalajul. Chestiunea e prev\u0103zut\u0103 \u00een Proiectul de Ordonan\u021b\u0103 de urgen\u021b\u0103 a Guvernului pentru modificarea \u0219i completarea Legii nr. 211\/2011 \u0219i a Legii nr. 249\/2015, pus recent \u00een dezbatere la Ministerul Mediului \u0219i care se va aplica dup\u0103 ce e aprobat de Executiv \u0219i publicat \u00een Monitorul Oficial.<\/p>\n","protected":false},"excerpt":{"rendered":"<p>Potrivit<\/p>\n","protected":false},"author":1,"featured_media":0,"comment_status":"open","ping_status":"open","sticky":false,"template":"","format":"standard","meta":{"footnotes":""},"categories":[6],"tags":[],"class_list":["post-49475","post","type-post","status-publish","format-standard","hentry","category-breaking-news"],"_links":{"self":[{"href":"https:\/\/www.giurgiuveanul.ro\/stiri\/wp-json\/wp\/v2\/posts\/49475","targetHints":{"allow":["GET"]}}],"collection":[{"href":"https:\/\/www.giurgiuveanul.ro\/stiri\/wp-json\/wp\/v2\/posts"}],"about":[{"href":"https:\/\/www.giurgiuveanul.ro\/stiri\/wp-json\/wp\/v2\/types\/post"}],"author":[{"embeddable":true,"href":"https:\/\/www.giurgiuveanul.ro\/stiri\/wp-json\/wp\/v2\/users\/1"}],"replies":[{"embeddable":true,"href":"https:\/\/www.giurgiuveanul.ro\/stiri\/wp-json\/wp\/v2\/comments?post=49475"}],"version-history":[{"count":0,"href":"https:\/\/www.giurgiuveanul.ro\/stiri\/wp-json\/wp\/v2\/posts\/49475\/revisions"}],"wp:attachment":[{"href":"https:\/\/www.giurgiuveanul.ro\/stiri\/wp-json\/wp\/v2\/media?parent=49475"}],"wp:term":[{"taxonomy":"category","embeddable":true,"href":"https:\/\/www.giurgiuveanul.ro\/stiri\/wp-json\/wp\/v2\/categories?post=49475"},{"taxonomy":"post_tag","embeddable":true,"href":"https:\/\/www.giurgiuveanul.ro\/stiri\/wp-json\/wp\/v2\/tags?post=49475"}],"curies":[{"name":"wp","href":"https:\/\/api.w.org\/{rel}","templated":true}]}}