{"id":49514,"date":"2018-02-05T10:47:04","date_gmt":"2018-02-05T08:47:04","guid":{"rendered":"https:\/\/www.giurgiuveanul.ro\/stiri\/?p=49514"},"modified":"2018-02-05T10:48:22","modified_gmt":"2018-02-05T08:48:22","slug":"incercat-sa-fure-parfumuri-si-creme","status":"publish","type":"post","link":"https:\/\/www.giurgiuveanul.ro\/stiri\/incercat-sa-fure-parfumuri-si-creme\/","title":{"rendered":"A \u00eencercat s\u0103 fure parfumuri \u015fi creme"},"content":{"rendered":"<p style=\"text-align: justify;\"><strong><a href=\"https:\/\/www.giurgiuveanul.ro\/stiri\/wp-content\/uploads\/2018\/02\/parfumuri.jpg\"><img loading=\"lazy\" decoding=\"async\" class=\"aligncenter size-full wp-image-49515\" src=\"https:\/\/www.giurgiuveanul.ro\/stiri\/wp-content\/uploads\/2018\/02\/parfumuri.jpg\" alt=\"parfumuri\" width=\"500\" height=\"375\" srcset=\"https:\/\/www.giurgiuveanul.ro\/stiri\/wp-content\/uploads\/2018\/02\/parfumuri.jpg 500w, https:\/\/www.giurgiuveanul.ro\/stiri\/wp-content\/uploads\/2018\/02\/parfumuri-250x188.jpg 250w, https:\/\/www.giurgiuveanul.ro\/stiri\/wp-content\/uploads\/2018\/02\/parfumuri-400x300.jpg 400w\" sizes=\"auto, (max-width: 500px) 100vw, 500px\" \/><\/a>Un giurgiuvean, \u00een v\u00e2rst\u0103 de<!--more--> 32 ani, este cercetat de poli\u021bi\u0219ti dup\u0103 ce a fost prins \u00een flagrant sustr\u0103g\u00e2nd mai multe produse dintr-o societate comercial\u0103.<\/strong><\/p>\n<p style=\"text-align: justify;\">Poli\u021bi\u0219tii Biroului Ordine Public\u0103 pentru Mediul Urban de la Poli\u021bia Municipiului Giurgiu efectueaz\u0103 cercet\u0103ri fa\u021b\u0103 de un t\u00e2n\u0103r de 32 ani, din municipiul Giurgiu, care a fost surprins s\u00e2mb\u0103t\u0103, 3 februarie a.c., \u00een timp ce sustr\u0103gea mai multe produse cosmetice (parfumuri, creme) din incinta magazinului unei societ\u0103\u021bii comerciale.<\/p>\n<p style=\"text-align: justify;\">Prejudiciul cauzat, \u00een valoare de 120 lei, a fost recuperat \u00een totalitate \u0219i predat reprezentantului societ\u0103\u021bii comerciale.<\/p>\n<p style=\"text-align: justify;\"><em>\u201e\u00cen cauz\u0103 i s-a \u00eentocmit dosar penal pentru s\u0103v\u00e2r\u015firea infrac\u0163iunii de furt calificat\u201d,<\/em> se precizeaz\u0103 \u00eentr-un comunicat al Inspectoratului de Poli\u0163ie Jude\u0163ean Giurgiu.<\/p>\n","protected":false},"excerpt":{"rendered":"<p>Un giurgiuvean, \u00een v\u00e2rst\u0103 de<\/p>\n","protected":false},"author":1,"featured_media":0,"comment_status":"open","ping_status":"open","sticky":false,"template":"","format":"standard","meta":{"footnotes":""},"categories":[6],"tags":[],"class_list":["post-49514","post","type-post","status-publish","format-standard","hentry","category-breaking-news"],"_links":{"self":[{"href":"https:\/\/www.giurgiuveanul.ro\/stiri\/wp-json\/wp\/v2\/posts\/49514","targetHints":{"allow":["GET"]}}],"collection":[{"href":"https:\/\/www.giurgiuveanul.ro\/stiri\/wp-json\/wp\/v2\/posts"}],"about":[{"href":"https:\/\/www.giurgiuveanul.ro\/stiri\/wp-json\/wp\/v2\/types\/post"}],"author":[{"embeddable":true,"href":"https:\/\/www.giurgiuveanul.ro\/stiri\/wp-json\/wp\/v2\/users\/1"}],"replies":[{"embeddable":true,"href":"https:\/\/www.giurgiuveanul.ro\/stiri\/wp-json\/wp\/v2\/comments?post=49514"}],"version-history":[{"count":0,"href":"https:\/\/www.giurgiuveanul.ro\/stiri\/wp-json\/wp\/v2\/posts\/49514\/revisions"}],"wp:attachment":[{"href":"https:\/\/www.giurgiuveanul.ro\/stiri\/wp-json\/wp\/v2\/media?parent=49514"}],"wp:term":[{"taxonomy":"category","embeddable":true,"href":"https:\/\/www.giurgiuveanul.ro\/stiri\/wp-json\/wp\/v2\/categories?post=49514"},{"taxonomy":"post_tag","embeddable":true,"href":"https:\/\/www.giurgiuveanul.ro\/stiri\/wp-json\/wp\/v2\/tags?post=49514"}],"curies":[{"name":"wp","href":"https:\/\/api.w.org\/{rel}","templated":true}]}}