{"id":49519,"date":"2018-02-05T10:59:41","date_gmt":"2018-02-05T08:59:41","guid":{"rendered":"https:\/\/www.giurgiuveanul.ro\/stiri\/?p=49519"},"modified":"2018-02-05T10:59:41","modified_gmt":"2018-02-05T08:59:41","slug":"tanar-giurgiuvean-fost-prins-la-volan-fara-permis-acum-dosar-penal","status":"publish","type":"post","link":"https:\/\/www.giurgiuveanul.ro\/stiri\/tanar-giurgiuvean-fost-prins-la-volan-fara-permis-acum-dosar-penal\/","title":{"rendered":"Un t\u00e2n\u0103r giurgiuvean a fost prins la volan f\u0103r\u0103 permis. Acum are dosar penal"},"content":{"rendered":"<p style=\"text-align: justify;\"><strong><a href=\"https:\/\/www.giurgiuveanul.ro\/stiri\/wp-content\/uploads\/2018\/01\/img.jpg\"><img loading=\"lazy\" decoding=\"async\" class=\"aligncenter size-large wp-image-49149\" src=\"https:\/\/www.giurgiuveanul.ro\/stiri\/wp-content\/uploads\/2018\/01\/img-560x315.jpg\" alt=\"img\" width=\"560\" height=\"315\" srcset=\"https:\/\/www.giurgiuveanul.ro\/stiri\/wp-content\/uploads\/2018\/01\/img-560x315.jpg 560w, https:\/\/www.giurgiuveanul.ro\/stiri\/wp-content\/uploads\/2018\/01\/img-250x140.jpg 250w, https:\/\/www.giurgiuveanul.ro\/stiri\/wp-content\/uploads\/2018\/01\/img-400x225.jpg 400w, https:\/\/www.giurgiuveanul.ro\/stiri\/wp-content\/uploads\/2018\/01\/img.jpg 840w\" sizes=\"auto, (max-width: 560px) 100vw, 560px\" \/><\/a>Un t\u00e2n\u0103r, de <!--more-->23 ani, este cercetat de poli\u021bi\u0219ti dup\u0103 ce a fost depistat conduc\u00e2nd autoturismul pe \u0219oseaua Ghizdarului, din municipiul Giurgiu, de\u0219i nu poseda permis.<\/strong><\/p>\n<p style=\"text-align: justify;\">Duminic\u0103, 4 februarie a.c., \u00een jurul orei 23.30, poli\u021bi\u0219tii din cadrul Poli\u021biei Municipiului Giurgiu au depistat \u00een trafic, pe \u0219oseaua Ghizdarului, din municipiul Giurgiu, un t\u00e2n\u0103r de 23 ani din comuna St\u0103ne\u0219ti, jude\u021bul Giurgiu, \u00een timp ce conducea un autoturism, f\u0103r\u0103 a poseda permis de conducere pentru nicio categorie de vehicule.<\/p>\n<p style=\"text-align: justify;\">Poli\u021bi\u0219tii au \u00eentocmit \u00een cauz\u0103 un dosar penal \u00een care persoana depistat\u0103 este cercetat\u0103 pentru s\u0103v\u00e2r\u0219irea infrac\u021biunii de conducerea unui vehicul pe drumurile publice f\u0103r\u0103 permis de conducere.<\/p>\n","protected":false},"excerpt":{"rendered":"<p>Un t\u00e2n\u0103r, de<\/p>\n","protected":false},"author":1,"featured_media":0,"comment_status":"open","ping_status":"open","sticky":false,"template":"","format":"standard","meta":{"footnotes":""},"categories":[6],"tags":[],"class_list":["post-49519","post","type-post","status-publish","format-standard","hentry","category-breaking-news"],"_links":{"self":[{"href":"https:\/\/www.giurgiuveanul.ro\/stiri\/wp-json\/wp\/v2\/posts\/49519","targetHints":{"allow":["GET"]}}],"collection":[{"href":"https:\/\/www.giurgiuveanul.ro\/stiri\/wp-json\/wp\/v2\/posts"}],"about":[{"href":"https:\/\/www.giurgiuveanul.ro\/stiri\/wp-json\/wp\/v2\/types\/post"}],"author":[{"embeddable":true,"href":"https:\/\/www.giurgiuveanul.ro\/stiri\/wp-json\/wp\/v2\/users\/1"}],"replies":[{"embeddable":true,"href":"https:\/\/www.giurgiuveanul.ro\/stiri\/wp-json\/wp\/v2\/comments?post=49519"}],"version-history":[{"count":0,"href":"https:\/\/www.giurgiuveanul.ro\/stiri\/wp-json\/wp\/v2\/posts\/49519\/revisions"}],"wp:attachment":[{"href":"https:\/\/www.giurgiuveanul.ro\/stiri\/wp-json\/wp\/v2\/media?parent=49519"}],"wp:term":[{"taxonomy":"category","embeddable":true,"href":"https:\/\/www.giurgiuveanul.ro\/stiri\/wp-json\/wp\/v2\/categories?post=49519"},{"taxonomy":"post_tag","embeddable":true,"href":"https:\/\/www.giurgiuveanul.ro\/stiri\/wp-json\/wp\/v2\/tags?post=49519"}],"curies":[{"name":"wp","href":"https:\/\/api.w.org\/{rel}","templated":true}]}}