{"id":49521,"date":"2018-02-05T18:45:23","date_gmt":"2018-02-05T16:45:23","guid":{"rendered":"https:\/\/www.giurgiuveanul.ro\/stiri\/?p=49521"},"modified":"2018-02-05T18:45:23","modified_gmt":"2018-02-05T16:45:23","slug":"romanie-de-ce","status":"publish","type":"post","link":"https:\/\/www.giurgiuveanul.ro\/stiri\/romanie-de-ce\/","title":{"rendered":"Rom\u00e2nie, de ce\u2026"},"content":{"rendered":"<p style=\"text-align: justify;\"><a href=\"https:\/\/www.giurgiuveanul.ro\/stiri\/wp-content\/uploads\/2018\/02\/cersetor.jpg\"><img loading=\"lazy\" decoding=\"async\" class=\"aligncenter size-large wp-image-49522\" src=\"https:\/\/www.giurgiuveanul.ro\/stiri\/wp-content\/uploads\/2018\/02\/cersetor-560x351.jpg\" alt=\"cersetor\" width=\"560\" height=\"351\" srcset=\"https:\/\/www.giurgiuveanul.ro\/stiri\/wp-content\/uploads\/2018\/02\/cersetor-560x351.jpg 560w, https:\/\/www.giurgiuveanul.ro\/stiri\/wp-content\/uploads\/2018\/02\/cersetor-250x157.jpg 250w, https:\/\/www.giurgiuveanul.ro\/stiri\/wp-content\/uploads\/2018\/02\/cersetor-400x251.jpg 400w, https:\/\/www.giurgiuveanul.ro\/stiri\/wp-content\/uploads\/2018\/02\/cersetor.jpg 800w\" sizes=\"auto, (max-width: 560px) 100vw, 560px\" \/><\/a>Cred c\u0103 era prin 2008. Eram <!--more-->internat \u00een spital. Diminea\u0163a, una dintre asistentele medicale, nu conteaz\u0103 sec\u0163ia la care eram internat \u015fi cu at\u00e2t mai mult nu intereseaz\u0103 numele asistentei, ci domeniul de activitate cu care m\u0103 confruntam dup\u0103 nu \u015ftiu c\u00e2\u0163i ani, intr\u0103 \u00een salon c\u0103lc\u00e2nd arogant pe ni\u015fte tocuri \u00eenalte, se opre\u015fte \u00een dreptul meu \u015fi, pe un ton \u00a0, s\u0103 zicem de Mo\u015f Teac\u0103., m\u0103 \u00eentreab\u0103:<\/p>\n<p style=\"text-align: justify;\"><strong>-Tu<\/strong> ce injec\u0163ii ai de f\u0103cut ?<\/p>\n<p style=\"text-align: justify;\">Credeam c\u0103 nu cu mine vorbe\u015fte. Sau m-am pref\u0103cut c\u0103 nu am auzit-o.Dup\u0103 v\u00e2rst\u0103, putea s\u0103-mi fie nepoat\u0103!&#8230;<\/p>\n<p style=\"text-align: justify;\">-Cu <strong>tine, m\u0103,<\/strong> \u00a0vorbesc!<\/p>\n<p style=\"text-align: justify;\">-&#8230;Dar unde eu lucrez se vorbe\u015fte cu&#8230;DUMNEAVOASTR\u0102, zic eu\u00a0 calm \u015fi accentu\u00e2nd pe cuv\u00e2ntul dumneavoastr\u0103, iritat oarecum de brutalitatea adres\u0103rii cu<strong>&#8230;m\u0103!<\/strong><\/p>\n<p style=\"text-align: justify;\">I-am spus domeniul activit\u0103\u0163ii mele strecur\u00e2nd o ascuns\u0103 dojan\u0103! A plecat \u015fi, c\u00e2t am mai stat \u00een spital, nu \u015ftiu de ce , nu a mai venit la patul meu! Poate progrmul, poate\u2026a \u00een\u0163eles c\u0103\u2026<\/p>\n<p style=\"text-align: justify;\">\n<p style=\"text-align: justify;\">Terminasem facultatea .Asta cu mul\u0163i ani \u00een urm\u0103. Am fost invitat la comisariat s\u0103 fiu luat \u00een eviden\u0163a jude\u0163ului. Nu conteaz\u0103 numele jude\u0163ului..<\/p>\n<p style=\"text-align: justify;\">\u00cen fa\u0163a unui ghi\u015feu, cu o ferestruic\u0103 mic\u0103 dac\u0103 aveai curiozitatea s\u0103 \u015fi vezi cu cine vorbe\u015fti,\u00a0 o voce plictisit\u0103 m\u0103 \u00eentreab\u0103:<\/p>\n<ul style=\"text-align: justify;\">\n<li><strong>Tu<\/strong> ai fost chemat de noi sau\u2026.<\/li>\n<li>Nu , mi s-a spus de la \u015fcoal\u0103 c\u0103 trebuie s\u0103 vin la dumneavoastr\u0103 s\u0103 fiu luat \u00een eviden\u0163\u0103..<\/li>\n<li>\u015ei ce lucrezi <strong>tu<\/strong>&#8230;?<\/li>\n<li>Sunt profesor, repartizat\u00a0 \u00een toamna aceasta la\u00a0 \u015fcoala&#8230;<\/li>\n<li>\u015ei unde <strong>a\u0163i<\/strong> terminat? Ce facultate <strong>a\u0163i<\/strong>..?<\/li>\n<\/ul>\n<p style=\"text-align: justify;\">Mi-am adus aminte de aceste fr\u00e2nturi de dialog pentru c\u0103 am auzit acum c\u00e2teva zile c\u0103 se vorbe\u015fte de legea unitar\u0103 ???!!! a salariz\u0103rii. \u00cemi spunea un coleg , profesor \u015fi el, c\u0103 \u00a0un sergent major i-ar fi spus :<\/p>\n<p style=\"text-align: justify;\">-\u015etiu cu ce pensie a\u0163i ie\u015fit dumneavoastr\u0103! A mea este mai mare! Mi-e ru\u015fine s\u0103 v\u0103 spun cu c\u00eet e mai mare!<\/p>\n<p style=\"text-align: justify;\">Am aflat din pres\u0103 c\u0103 vor cre\u015fte semnificativ salariile \u00een&#8230;s\u0103n\u0103tate. F\u0103r\u0103 a fi sigur, salariul unei asistente medicale ar fi mai mare\u00a0 dec\u00e2t salariul unui profesor debutatnt, cu studii superioare!!!<\/p>\n<p style=\"text-align: justify;\">Am sim\u0163it c\u0103 mi se d\u0103 un r\u0103spuns la o \u00eentrebare pe care singur mi-am pus-o: . Oare de ce , \u00een ultimii ani a sc\u0103zut calitatea candida\u0163ilor la \u00eenv\u0103\u0163\u0103m\u00e2ntul universitar\u00a0 pedagogic \u015fi de ce , de la an la an, elevii buni \u015fi foarte buni nu mai opteaz\u0103 pentru profesia de dasc\u0103l?<\/p>\n<p style=\"text-align: justify;\">A\u015f fi vrut un r\u0103spuns avizat. De la careva care lucreaz\u0103 la legea unitar\u0103 a salariz\u0103rii. M-am trezit\u00a0 c\u0103 formulez o \u00eentrebare adresat\u0103 nim\u0103nui \u015fi tuturor:<\/p>\n<p style=\"text-align: justify;\"><strong>-De ce Rom\u00e2nie a\u015fa? De ce ? Este EDUCA\u0162IA\u00a0 O PRIORITATE NA\u0162IONAL\u0102 sau profesorii o fac pe cer\u015fetorii?<\/strong><\/p>\n<p style=\"text-align: justify;\">Poate \u015ftie cinev\u0103 s\u0103 m\u0103 l\u0103mureasc\u0103.<\/p>\n<p style=\"text-align: justify;\">\n<p style=\"text-align: justify;\"><strong><em>Not\u0103. Imagine preluat\u0103 de pe net. Valabil\u0103 pentru orice regiune din \u0163ar\u0103.B\u0103tr\u00e2nul din imagine o fi, cumva,\u00a0 profesor? Sigur, nu! Probabil, da!<\/em><\/strong><\/p>\n<p style=\"text-align: justify;\">Gh.C.<\/p>\n","protected":false},"excerpt":{"rendered":"<p>Cred c\u0103 era prin 2008. Eram<\/p>\n","protected":false},"author":1,"featured_media":0,"comment_status":"open","ping_status":"open","sticky":false,"template":"","format":"standard","meta":{"footnotes":""},"categories":[21],"tags":[],"class_list":["post-49521","post","type-post","status-publish","format-standard","hentry","category-opinia-mea"],"_links":{"self":[{"href":"https:\/\/www.giurgiuveanul.ro\/stiri\/wp-json\/wp\/v2\/posts\/49521","targetHints":{"allow":["GET"]}}],"collection":[{"href":"https:\/\/www.giurgiuveanul.ro\/stiri\/wp-json\/wp\/v2\/posts"}],"about":[{"href":"https:\/\/www.giurgiuveanul.ro\/stiri\/wp-json\/wp\/v2\/types\/post"}],"author":[{"embeddable":true,"href":"https:\/\/www.giurgiuveanul.ro\/stiri\/wp-json\/wp\/v2\/users\/1"}],"replies":[{"embeddable":true,"href":"https:\/\/www.giurgiuveanul.ro\/stiri\/wp-json\/wp\/v2\/comments?post=49521"}],"version-history":[{"count":0,"href":"https:\/\/www.giurgiuveanul.ro\/stiri\/wp-json\/wp\/v2\/posts\/49521\/revisions"}],"wp:attachment":[{"href":"https:\/\/www.giurgiuveanul.ro\/stiri\/wp-json\/wp\/v2\/media?parent=49521"}],"wp:term":[{"taxonomy":"category","embeddable":true,"href":"https:\/\/www.giurgiuveanul.ro\/stiri\/wp-json\/wp\/v2\/categories?post=49521"},{"taxonomy":"post_tag","embeddable":true,"href":"https:\/\/www.giurgiuveanul.ro\/stiri\/wp-json\/wp\/v2\/tags?post=49521"}],"curies":[{"name":"wp","href":"https:\/\/api.w.org\/{rel}","templated":true}]}}