{"id":49527,"date":"2018-02-05T19:40:36","date_gmt":"2018-02-05T17:40:36","guid":{"rendered":"https:\/\/www.giurgiuveanul.ro\/stiri\/?p=49527"},"modified":"2018-02-05T19:40:36","modified_gmt":"2018-02-05T17:40:36","slug":"pieton-accidentat-de-autoturism","status":"publish","type":"post","link":"https:\/\/www.giurgiuveanul.ro\/stiri\/pieton-accidentat-de-autoturism\/","title":{"rendered":"Pieton&#8230; accidentat de un autoturism!"},"content":{"rendered":"<p style=\"text-align: justify;\"><strong><a href=\"https:\/\/www.giurgiuveanul.ro\/stiri\/wp-content\/uploads\/2018\/01\/ambulanta1.jpg\"><img loading=\"lazy\" decoding=\"async\" class=\"aligncenter size-large wp-image-49133\" src=\"https:\/\/www.giurgiuveanul.ro\/stiri\/wp-content\/uploads\/2018\/01\/ambulanta1-560x421.jpg\" alt=\"ambulanta1\" width=\"560\" height=\"421\" srcset=\"https:\/\/www.giurgiuveanul.ro\/stiri\/wp-content\/uploads\/2018\/01\/ambulanta1-560x421.jpg 560w, https:\/\/www.giurgiuveanul.ro\/stiri\/wp-content\/uploads\/2018\/01\/ambulanta1-250x188.jpg 250w, https:\/\/www.giurgiuveanul.ro\/stiri\/wp-content\/uploads\/2018\/01\/ambulanta1-400x301.jpg 400w, https:\/\/www.giurgiuveanul.ro\/stiri\/wp-content\/uploads\/2018\/01\/ambulanta1.jpg 584w\" sizes=\"auto, (max-width: 560px) 100vw, 560px\" \/><\/a>Un conduc\u0103tor auto este cercetat de poli\u021bi\u0219ti dup\u0103 ce a accidentat u\u0219or\u00a0 o femeie care, \u00een calitate de pieton, se deplasa <!--more-->pe partea carosabil\u0103.<\/strong><\/p>\n<p style=\"text-align: justify;\">Un t\u00e2n\u0103r de 21 ani, din comuna Flore\u0219ti Stoene\u0219ti, jude\u021bul Giurgiu, \u00een timp ce conducea autoturismul pe Drumul Jude\u021bean 401A, \u00een localitatea Palanca, jude\u021bul Giurgiu, a accidentat u\u0219or o femeie de 40 ani, din comuna Flore\u0219ti Stoene\u0219ti, care, \u00een calitate de pieton, ce se deplasa \u00een aceea\u0219i direc\u021bie de mers, pe partea carosabil\u0103.<\/p>\n<p style=\"text-align: justify;\">Conduc\u0103torul auto a fost testat cu aparatul alcooltest, rezultatul fiind zero alcool \u00een aerul expirat \u0219i a fost condus la Spitalul Bolintin-Vale pentru recoltarea unei mostre de biologice de s\u00e2nge \u00een vederea stabilirii alcoolemiei.<\/p>\n<p style=\"text-align: justify;\">Poli\u021bi\u0219tii Forma\u021biunii Rutiere de la Poli\u021bia Ora\u0219 Bolintin Vale au \u00eentocmit \u00een cauz\u0103 un dosar penal \u00een care efectueaz\u0103 cercet\u0103ri sub aspectul s\u0103v\u00e2r\u0219irii infrac\u021biunii de v\u0103t\u0103mare corporal\u0103 din culp\u0103.<\/p>\n","protected":false},"excerpt":{"rendered":"<p>Un conduc\u0103tor auto este cercetat de poli\u021bi\u0219ti dup\u0103 ce a accidentat u\u0219or\u00a0 o femeie care, \u00een calitate de pieton, se deplasa<\/p>\n","protected":false},"author":1,"featured_media":0,"comment_status":"open","ping_status":"open","sticky":false,"template":"","format":"standard","meta":{"footnotes":""},"categories":[6],"tags":[],"class_list":["post-49527","post","type-post","status-publish","format-standard","hentry","category-breaking-news"],"_links":{"self":[{"href":"https:\/\/www.giurgiuveanul.ro\/stiri\/wp-json\/wp\/v2\/posts\/49527","targetHints":{"allow":["GET"]}}],"collection":[{"href":"https:\/\/www.giurgiuveanul.ro\/stiri\/wp-json\/wp\/v2\/posts"}],"about":[{"href":"https:\/\/www.giurgiuveanul.ro\/stiri\/wp-json\/wp\/v2\/types\/post"}],"author":[{"embeddable":true,"href":"https:\/\/www.giurgiuveanul.ro\/stiri\/wp-json\/wp\/v2\/users\/1"}],"replies":[{"embeddable":true,"href":"https:\/\/www.giurgiuveanul.ro\/stiri\/wp-json\/wp\/v2\/comments?post=49527"}],"version-history":[{"count":0,"href":"https:\/\/www.giurgiuveanul.ro\/stiri\/wp-json\/wp\/v2\/posts\/49527\/revisions"}],"wp:attachment":[{"href":"https:\/\/www.giurgiuveanul.ro\/stiri\/wp-json\/wp\/v2\/media?parent=49527"}],"wp:term":[{"taxonomy":"category","embeddable":true,"href":"https:\/\/www.giurgiuveanul.ro\/stiri\/wp-json\/wp\/v2\/categories?post=49527"},{"taxonomy":"post_tag","embeddable":true,"href":"https:\/\/www.giurgiuveanul.ro\/stiri\/wp-json\/wp\/v2\/tags?post=49527"}],"curies":[{"name":"wp","href":"https:\/\/api.w.org\/{rel}","templated":true}]}}