{"id":49532,"date":"2018-02-06T09:38:23","date_gmt":"2018-02-06T07:38:23","guid":{"rendered":"https:\/\/www.giurgiuveanul.ro\/stiri\/?p=49532"},"modified":"2018-02-06T09:38:23","modified_gmt":"2018-02-06T07:38:23","slug":"alerta-debitul-dunarii-va-creste","status":"publish","type":"post","link":"https:\/\/www.giurgiuveanul.ro\/stiri\/alerta-debitul-dunarii-va-creste\/","title":{"rendered":"Alert\u0103. Debitul Dun\u0103rii va cre\u0219te !"},"content":{"rendered":"<p style=\"text-align: justify;\"><a href=\"https:\/\/www.giurgiuveanul.ro\/stiri\/wp-content\/uploads\/2018\/02\/IMG_6762.jpg\"><img loading=\"lazy\" decoding=\"async\" class=\"aligncenter size-large wp-image-49533\" src=\"https:\/\/www.giurgiuveanul.ro\/stiri\/wp-content\/uploads\/2018\/02\/IMG_6762-338x450.jpg\" alt=\"IMG_6762\" width=\"338\" height=\"450\" srcset=\"https:\/\/www.giurgiuveanul.ro\/stiri\/wp-content\/uploads\/2018\/02\/IMG_6762-338x450.jpg 338w, https:\/\/www.giurgiuveanul.ro\/stiri\/wp-content\/uploads\/2018\/02\/IMG_6762-225x300.jpg 225w, https:\/\/www.giurgiuveanul.ro\/stiri\/wp-content\/uploads\/2018\/02\/IMG_6762-400x532.jpg 400w, https:\/\/www.giurgiuveanul.ro\/stiri\/wp-content\/uploads\/2018\/02\/IMG_6762.jpg 601w\" sizes=\"auto, (max-width: 338px) 100vw, 338px\" \/><\/a>Valoarea debitului Dun\u0103rii, la <!--more-->intrarea \u00een \u0163ar\u0103, va continua s\u0103 r\u0103m\u00e2n\u0103 peste media multianual\u0103 a lunii februarie, \u015fi va ajunge \u00een urm\u0103toarea s\u0103pt\u0103m\u00e2n\u0103 p\u00e2n\u0103 la 7.400 mc\/s, reiese din prognoza de specialitate, publicat\u0103 de Institutul Na\u0163ional de Hidrologie \u015fi Gospod\u0103rire a Apelor (INHGA).<\/p>\n<p style=\"text-align: justify;\">Estim\u0103rile hidrologilor arat\u0103 c\u0103, p\u00e2n\u0103 pe 12 februarie, ora 7:00, \u00een aval de Por\u0163ile de Fier, debitele fluviului Dun\u0103rea vor fi \u00een prima parte a intervalului \u00een sc\u0103dere pe sectoarele Gruia &#8211; Olteni\u0163a \u015fi Br\u0103ila &#8211; Tulcea, \u015fi \u00een cre\u015ftere pe sectorul C\u0103l\u0103ra\u015fi &#8211; Vadu Oii, iar \u00een a doua parte a intervalului vor fi \u00een cre\u015ftere pe sectorul Gruia &#8211; Vadu Oii \u015fi relativ sta\u0163ionare pe sectorul Br\u0103ila &#8211; Tulcea.<\/p>\n<p style=\"text-align: justify;\">Per ansamblu, debitul Dun\u0103rii la intrarea \u00een \u0163ar\u0103 (sec\u0163iunea Bazia\u015f) va fi \u00een cre\u015ftere \u00een primele cinci zile, p\u00e2n\u0103 la valoarea de 7.400 mc\/s, apoi sta\u0163ionar p\u00e2n\u0103 la sf\u00e2r\u015fitul intervalului, situ\u00e2ndu-se peste media multianual\u0103 a lunii februarie (5.300 mc\/s).<\/p>\n<p style=\"text-align: justify;\">Potrivit INHGA, pe r\u00e2uri, \u00een intervalul 6 &#8211; 12 februarie, debitele medii zilnice vor fi \u00een general \u00een sc\u0103dere, cu excep\u0163ia cursurilor inferioare ale r\u00e2urilor mari unde vor fi \u00een cre\u015ftere prin propagare \u015fi r\u00e2urile din bazinul Prutului unde vor fi relativ sta\u0163ionare.<\/p>\n<p style=\"text-align: justify;\">\u00cen urm\u0103toarea perioad\u0103, debitele vor fi \u00een general \u00een cre\u015ftere ca urmare a precipita\u0163iilor lichide prognozate, ced\u0103rii apei din stratul de z\u0103pad\u0103, evolu\u0163iei forma\u0163iunilor de ghea\u0163\u0103 \u015fi propag\u0103rii, mai pu\u0163in \u00een ultimele zile ale intervalului c\u00e2nd vor fi \u00een sc\u0103dere \u00een bazinele superioare ale r\u00e2urilor mari.<\/p>\n<p style=\"text-align: justify;\">Forma\u0163iunile de ghea\u0163\u0103 vor fi, \u00een general, \u00een restr\u00e2ngere \u015fi diminuare, \u00eens\u0103 \u00een primele zile ale intervalului acestea vor fi \u00een u\u015foar\u0103 intensificare pe r\u00e2urile din zona de munte.<\/p>\n","protected":false},"excerpt":{"rendered":"<p>Valoarea debitului Dun\u0103rii, la<\/p>\n","protected":false},"author":1,"featured_media":0,"comment_status":"open","ping_status":"open","sticky":false,"template":"","format":"standard","meta":{"footnotes":""},"categories":[6],"tags":[],"class_list":["post-49532","post","type-post","status-publish","format-standard","hentry","category-breaking-news"],"_links":{"self":[{"href":"https:\/\/www.giurgiuveanul.ro\/stiri\/wp-json\/wp\/v2\/posts\/49532","targetHints":{"allow":["GET"]}}],"collection":[{"href":"https:\/\/www.giurgiuveanul.ro\/stiri\/wp-json\/wp\/v2\/posts"}],"about":[{"href":"https:\/\/www.giurgiuveanul.ro\/stiri\/wp-json\/wp\/v2\/types\/post"}],"author":[{"embeddable":true,"href":"https:\/\/www.giurgiuveanul.ro\/stiri\/wp-json\/wp\/v2\/users\/1"}],"replies":[{"embeddable":true,"href":"https:\/\/www.giurgiuveanul.ro\/stiri\/wp-json\/wp\/v2\/comments?post=49532"}],"version-history":[{"count":0,"href":"https:\/\/www.giurgiuveanul.ro\/stiri\/wp-json\/wp\/v2\/posts\/49532\/revisions"}],"wp:attachment":[{"href":"https:\/\/www.giurgiuveanul.ro\/stiri\/wp-json\/wp\/v2\/media?parent=49532"}],"wp:term":[{"taxonomy":"category","embeddable":true,"href":"https:\/\/www.giurgiuveanul.ro\/stiri\/wp-json\/wp\/v2\/categories?post=49532"},{"taxonomy":"post_tag","embeddable":true,"href":"https:\/\/www.giurgiuveanul.ro\/stiri\/wp-json\/wp\/v2\/tags?post=49532"}],"curies":[{"name":"wp","href":"https:\/\/api.w.org\/{rel}","templated":true}]}}