{"id":49547,"date":"2018-02-06T10:55:27","date_gmt":"2018-02-06T08:55:27","guid":{"rendered":"https:\/\/www.giurgiuveanul.ro\/stiri\/?p=49547"},"modified":"2018-02-06T10:55:27","modified_gmt":"2018-02-06T08:55:27","slug":"accident-rutier-soldat-cu-victima-7","status":"publish","type":"post","link":"https:\/\/www.giurgiuveanul.ro\/stiri\/accident-rutier-soldat-cu-victima-7\/","title":{"rendered":"Accident rutier soldat cu o victim\u0103!"},"content":{"rendered":"<p style=\"text-align: justify;\"><strong><a href=\"https:\/\/www.giurgiuveanul.ro\/stiri\/wp-content\/uploads\/2018\/02\/IMG_6985.jpg\"><img loading=\"lazy\" decoding=\"async\" class=\"aligncenter size-large wp-image-49548\" src=\"https:\/\/www.giurgiuveanul.ro\/stiri\/wp-content\/uploads\/2018\/02\/IMG_6985-548x450.jpg\" alt=\"IMG_6985\" width=\"548\" height=\"450\" srcset=\"https:\/\/www.giurgiuveanul.ro\/stiri\/wp-content\/uploads\/2018\/02\/IMG_6985-548x450.jpg 548w, https:\/\/www.giurgiuveanul.ro\/stiri\/wp-content\/uploads\/2018\/02\/IMG_6985-250x205.jpg 250w, https:\/\/www.giurgiuveanul.ro\/stiri\/wp-content\/uploads\/2018\/02\/IMG_6985-400x329.jpg 400w, https:\/\/www.giurgiuveanul.ro\/stiri\/wp-content\/uploads\/2018\/02\/IMG_6985.jpg 800w\" sizes=\"auto, (max-width: 548px) 100vw, 548px\" \/><\/a>Conduc\u0103torul unui autoturism <!--more-->nu s-a asigurat la efectuarea unei dep\u0103\u0219iri \u0219i a produs un accident soldat cu v\u0103t\u0103marea corporal\u0103 a unui motociclist.<\/strong><\/p>\n<p style=\"text-align: justify;\"><span style=\"text-decoration: underline;\">U<\/span>n t\u00e2n\u0103r de 29 ani, din ora\u0219ul \u0218tef\u0103ne\u0219ti, jude\u021bul Arge\u0219, \u00een timp ce conducea autoturismul pe Drumul Comunal 147, \u00een afara localit\u0103\u021bii Joi\u021ba, jude\u021bul Giurgiu, nu s-a asigurat la efectuarea manevrei de dep\u0103\u0219ire \u0219i a intrat \u00een coliziune cu un motociclu care se angajase \u00een dep\u0103\u0219irea, condus de un t\u00e2n\u0103r de \u00a025 ani, din municipiul Bucure\u0219ti.<\/p>\n<p style=\"text-align: justify;\">Din accident a rezultat r\u0103nirea u\u0219oar\u0103 a conduc\u0103torului motocicletei, care a fost transportat la Spitalul Universitar de Urgen\u021b\u0103 Bucure\u0219ti\u00a0 pentru acordarea de \u00eengrijiri medicale \u0219i efectuarea de investiga\u021bii de specialitate.<\/p>\n<p style=\"text-align: justify;\">Ambii conduc\u0103tori auto\u00a0 au fost testat cu aparatul alcooltest, rezultatul fiind zero alcool \u00een aerul expirat.<\/p>\n<p style=\"text-align: justify;\">Poli\u021bi\u0219tii rutieri au \u00eentocmit \u00een cauz\u0103 un dosar penal \u00een care efectueaz\u0103 cercet\u0103ri sub aspectul s\u0103v\u00e2r\u0219irii infrac\u021biunii de v\u0103t\u0103mare corporal\u0103 din culp\u0103.<\/p>\n","protected":false},"excerpt":{"rendered":"<p>Conduc\u0103torul unui autoturism<\/p>\n","protected":false},"author":1,"featured_media":0,"comment_status":"open","ping_status":"open","sticky":false,"template":"","format":"standard","meta":{"footnotes":""},"categories":[6],"tags":[],"class_list":["post-49547","post","type-post","status-publish","format-standard","hentry","category-breaking-news"],"_links":{"self":[{"href":"https:\/\/www.giurgiuveanul.ro\/stiri\/wp-json\/wp\/v2\/posts\/49547","targetHints":{"allow":["GET"]}}],"collection":[{"href":"https:\/\/www.giurgiuveanul.ro\/stiri\/wp-json\/wp\/v2\/posts"}],"about":[{"href":"https:\/\/www.giurgiuveanul.ro\/stiri\/wp-json\/wp\/v2\/types\/post"}],"author":[{"embeddable":true,"href":"https:\/\/www.giurgiuveanul.ro\/stiri\/wp-json\/wp\/v2\/users\/1"}],"replies":[{"embeddable":true,"href":"https:\/\/www.giurgiuveanul.ro\/stiri\/wp-json\/wp\/v2\/comments?post=49547"}],"version-history":[{"count":0,"href":"https:\/\/www.giurgiuveanul.ro\/stiri\/wp-json\/wp\/v2\/posts\/49547\/revisions"}],"wp:attachment":[{"href":"https:\/\/www.giurgiuveanul.ro\/stiri\/wp-json\/wp\/v2\/media?parent=49547"}],"wp:term":[{"taxonomy":"category","embeddable":true,"href":"https:\/\/www.giurgiuveanul.ro\/stiri\/wp-json\/wp\/v2\/categories?post=49547"},{"taxonomy":"post_tag","embeddable":true,"href":"https:\/\/www.giurgiuveanul.ro\/stiri\/wp-json\/wp\/v2\/tags?post=49547"}],"curies":[{"name":"wp","href":"https:\/\/api.w.org\/{rel}","templated":true}]}}