{"id":49565,"date":"2018-02-07T09:50:37","date_gmt":"2018-02-07T07:50:37","guid":{"rendered":"https:\/\/www.giurgiuveanul.ro\/stiri\/?p=49565"},"modified":"2018-02-07T09:50:37","modified_gmt":"2018-02-07T07:50:37","slug":"violenta-fizica-si-verbala-in-scoli-la-liceul-nicolae-cartojan","status":"publish","type":"post","link":"https:\/\/www.giurgiuveanul.ro\/stiri\/violenta-fizica-si-verbala-in-scoli-la-liceul-nicolae-cartojan\/","title":{"rendered":"\u201eViolen\u021ba fizic\u0103 \u0219i verbal\u0103 \u00een \u0219coli\u201d, la Liceul \u201eNicolae Cartojan\u201d!"},"content":{"rendered":"<p style=\"text-align: justify;\"><strong><a href=\"https:\/\/www.giurgiuveanul.ro\/stiri\/wp-content\/uploads\/2018\/02\/buna.jpg\"><img loading=\"lazy\" decoding=\"async\" class=\"aligncenter size-large wp-image-49567\" src=\"https:\/\/www.giurgiuveanul.ro\/stiri\/wp-content\/uploads\/2018\/02\/buna-560x360.jpg\" alt=\"buna\" width=\"560\" height=\"360\" srcset=\"https:\/\/www.giurgiuveanul.ro\/stiri\/wp-content\/uploads\/2018\/02\/buna-560x360.jpg 560w, https:\/\/www.giurgiuveanul.ro\/stiri\/wp-content\/uploads\/2018\/02\/buna-250x161.jpg 250w, https:\/\/www.giurgiuveanul.ro\/stiri\/wp-content\/uploads\/2018\/02\/buna-400x257.jpg 400w, https:\/\/www.giurgiuveanul.ro\/stiri\/wp-content\/uploads\/2018\/02\/buna.jpg 700w\" sizes=\"auto, (max-width: 560px) 100vw, 560px\" \/><\/a>Poli\u021bi\u0219tii din cadrul <!--more-->Biroului de Analiz\u0103 \u0219i Prevenire a Criminalit\u0103\u021bii au participat la \u00eent\u00e2lnirea organizat\u0103 de Asocia\u021bia E-Rom\u00e2nia pe tema \u201eViolen\u021ba fizic\u0103 \u0219i verbal\u0103 \u00een \u0219coli\u201d, la Liceul \u201eNicolae Cartojan\u201d din municipiul Giurgiu.<\/strong><\/p>\n<p style=\"text-align: justify;\">Mar\u021bi, 5 februarie a.c.,\u00a0 poli\u021bi\u0219tii Biroului de Analiz\u0103 \u0219i Prevenire a Criminalit\u0103\u021bii\u00a0 au participat la \u00eent\u00e2lnirea organizat\u0103 de Asocia\u021bia E-Rom\u00e2nia pe tema \u201eViolen\u021ba fizic\u0103 \u0219i verbal\u0103 \u00een \u0219coli\u201d,\u00a0 la Liceul \u201eNicolae Cartojan\u201d din municipiul Giurgiu.<\/p>\n<p style=\"text-align: justify;\">La activitate au participat reprezentan\u021bii elevilor din cadrul liceelor din municipiul Giurgiu, directori ai unit\u0103\u021bilor de \u00eenv\u0103\u021b\u0103m\u00e2nt, consilieri \u0219colari \u0219i reprezentan\u021bi ai Asocia\u021biei E-Rom\u00e2nia.<\/p>\n<p style=\"text-align: justify;\">Scopul activit\u0103\u021bii a constat \u00een prezentarea cauzelor comportamentelor violente \u00een \u0219coli \u0219i a metodelor de prevenire a acestora.<\/p>\n<p style=\"text-align: justify;\">A fost ini\u021biat un dialog interactiv despre atribu\u021biile fiec\u0103rui individ dar \u0219i ale institu\u021biilor de stat \u00een prevenirea violen\u021bei \u00een \u0219coli.<\/p>\n<p style=\"text-align: justify;\">Poli\u021bi\u0219tii Biroului de Analiz\u0103 \u0219i Prevenire a Criminalit\u0103\u021bii, au prezentat modalit\u0103\u021bile de ac\u021biune \u00een vederea diminu\u0103rii comportamentelor violente \u00een \u0219coli \u0219i \u00een familie, m\u0103surile care se pot lua \u00een cazul unei infrac\u021biuni comise cu violen\u021b\u0103 \u0219i au f\u0103cut recomand\u0103ri privind metodele de prevenire a\u00a0 violen\u021bei \u00een \u0219coli.<\/p>\n","protected":false},"excerpt":{"rendered":"<p>Poli\u021bi\u0219tii din cadrul<\/p>\n","protected":false},"author":1,"featured_media":0,"comment_status":"open","ping_status":"open","sticky":false,"template":"","format":"standard","meta":{"footnotes":""},"categories":[6],"tags":[],"class_list":["post-49565","post","type-post","status-publish","format-standard","hentry","category-breaking-news"],"_links":{"self":[{"href":"https:\/\/www.giurgiuveanul.ro\/stiri\/wp-json\/wp\/v2\/posts\/49565","targetHints":{"allow":["GET"]}}],"collection":[{"href":"https:\/\/www.giurgiuveanul.ro\/stiri\/wp-json\/wp\/v2\/posts"}],"about":[{"href":"https:\/\/www.giurgiuveanul.ro\/stiri\/wp-json\/wp\/v2\/types\/post"}],"author":[{"embeddable":true,"href":"https:\/\/www.giurgiuveanul.ro\/stiri\/wp-json\/wp\/v2\/users\/1"}],"replies":[{"embeddable":true,"href":"https:\/\/www.giurgiuveanul.ro\/stiri\/wp-json\/wp\/v2\/comments?post=49565"}],"version-history":[{"count":0,"href":"https:\/\/www.giurgiuveanul.ro\/stiri\/wp-json\/wp\/v2\/posts\/49565\/revisions"}],"wp:attachment":[{"href":"https:\/\/www.giurgiuveanul.ro\/stiri\/wp-json\/wp\/v2\/media?parent=49565"}],"wp:term":[{"taxonomy":"category","embeddable":true,"href":"https:\/\/www.giurgiuveanul.ro\/stiri\/wp-json\/wp\/v2\/categories?post=49565"},{"taxonomy":"post_tag","embeddable":true,"href":"https:\/\/www.giurgiuveanul.ro\/stiri\/wp-json\/wp\/v2\/tags?post=49565"}],"curies":[{"name":"wp","href":"https:\/\/api.w.org\/{rel}","templated":true}]}}