{"id":49580,"date":"2018-02-07T18:49:38","date_gmt":"2018-02-07T16:49:38","guid":{"rendered":"https:\/\/www.giurgiuveanul.ro\/stiri\/?p=49580"},"modified":"2018-02-07T18:49:38","modified_gmt":"2018-02-07T16:49:38","slug":"depistat-in-trafic-la-volanul-unui-autoturism-cu-numar-fals-de-inmatriculare","status":"publish","type":"post","link":"https:\/\/www.giurgiuveanul.ro\/stiri\/depistat-in-trafic-la-volanul-unui-autoturism-cu-numar-fals-de-inmatriculare\/","title":{"rendered":"Depistat \u00een trafic\u2026 la volanul unui autoturism cu num\u0103r fals de \u00eenmatriculare!"},"content":{"rendered":"<p style=\"text-align: justify;\"><strong><a href=\"https:\/\/www.giurgiuveanul.ro\/stiri\/wp-content\/uploads\/2018\/02\/IMG_7027-2.jpg\"><img loading=\"lazy\" decoding=\"async\" class=\"aligncenter size-large wp-image-49581\" src=\"https:\/\/www.giurgiuveanul.ro\/stiri\/wp-content\/uploads\/2018\/02\/IMG_7027-2-461x450.jpg\" alt=\"IMG_7027-2\" width=\"461\" height=\"450\" srcset=\"https:\/\/www.giurgiuveanul.ro\/stiri\/wp-content\/uploads\/2018\/02\/IMG_7027-2-461x450.jpg 461w, https:\/\/www.giurgiuveanul.ro\/stiri\/wp-content\/uploads\/2018\/02\/IMG_7027-2-250x244.jpg 250w, https:\/\/www.giurgiuveanul.ro\/stiri\/wp-content\/uploads\/2018\/02\/IMG_7027-2-400x391.jpg 400w, https:\/\/www.giurgiuveanul.ro\/stiri\/wp-content\/uploads\/2018\/02\/IMG_7027-2.jpg 800w\" sizes=\"auto, (max-width: 461px) 100vw, 461px\" \/><\/a>Un t\u00e2n\u0103r, de 21 ani, este cercetat dup\u0103 ce <!--more-->a fost depistat \u00een trafic, pe Drumul Na\u021bional 6, conduc\u00e2nd un autoturism av\u00e2nd num\u0103r fals de \u00eenmatriculare.<\/strong><\/p>\n<p style=\"text-align: justify;\">Mar\u021bi, 6 februarie a.c., \u00een jurul orei 23.35, poli\u021bi\u0219tii din cadrul Poli\u021biei Ora\u0219ului Mih\u0103ile\u0219ti, au depistat \u00een trafic, pe Drumul Na\u021bional 6 \u00een ora\u0219ul Mih\u0103ile\u0219ti, jude\u021bul Giurgiu, un t\u00e2n\u0103r de 21 ani, din comuna Ghimpa\u021bi, jude\u021bul Giurgiu, \u00een timp ce conducea un autoturism av\u00e2nd num\u0103r fals de \u00eenmatriculare.<\/p>\n<p style=\"text-align: justify;\">\u00cen cauz\u0103 poli\u021bi\u0219tii au \u00eentocmit un dosar penal \u00een care continu\u0103 cercet\u0103rile fa\u021b\u0103 de persoana depistat\u0103, sub aspectul s\u0103v\u00e2r\u0219irii infrac\u021biunii de punerea \u00een circula\u021bie sau conducerea pe drumurile publice a unui autovehicul cu num\u0103r fals de \u00eenmatriculare<em>.<\/em><\/p>\n","protected":false},"excerpt":{"rendered":"<p>Un t\u00e2n\u0103r, de 21 ani, este cercetat dup\u0103 ce<\/p>\n","protected":false},"author":1,"featured_media":0,"comment_status":"open","ping_status":"open","sticky":false,"template":"","format":"standard","meta":{"footnotes":""},"categories":[6],"tags":[],"class_list":["post-49580","post","type-post","status-publish","format-standard","hentry","category-breaking-news"],"_links":{"self":[{"href":"https:\/\/www.giurgiuveanul.ro\/stiri\/wp-json\/wp\/v2\/posts\/49580","targetHints":{"allow":["GET"]}}],"collection":[{"href":"https:\/\/www.giurgiuveanul.ro\/stiri\/wp-json\/wp\/v2\/posts"}],"about":[{"href":"https:\/\/www.giurgiuveanul.ro\/stiri\/wp-json\/wp\/v2\/types\/post"}],"author":[{"embeddable":true,"href":"https:\/\/www.giurgiuveanul.ro\/stiri\/wp-json\/wp\/v2\/users\/1"}],"replies":[{"embeddable":true,"href":"https:\/\/www.giurgiuveanul.ro\/stiri\/wp-json\/wp\/v2\/comments?post=49580"}],"version-history":[{"count":0,"href":"https:\/\/www.giurgiuveanul.ro\/stiri\/wp-json\/wp\/v2\/posts\/49580\/revisions"}],"wp:attachment":[{"href":"https:\/\/www.giurgiuveanul.ro\/stiri\/wp-json\/wp\/v2\/media?parent=49580"}],"wp:term":[{"taxonomy":"category","embeddable":true,"href":"https:\/\/www.giurgiuveanul.ro\/stiri\/wp-json\/wp\/v2\/categories?post=49580"},{"taxonomy":"post_tag","embeddable":true,"href":"https:\/\/www.giurgiuveanul.ro\/stiri\/wp-json\/wp\/v2\/tags?post=49580"}],"curies":[{"name":"wp","href":"https:\/\/api.w.org\/{rel}","templated":true}]}}