{"id":49589,"date":"2018-02-07T23:15:54","date_gmt":"2018-02-07T21:15:54","guid":{"rendered":"https:\/\/www.giurgiuveanul.ro\/stiri\/?p=49589"},"modified":"2018-02-08T09:17:15","modified_gmt":"2018-02-08T07:17:15","slug":"grav-accident-rutier-pe-dn5-doi-tineri-giurgiuveni-incarcerati-dupa-ce-au-intrat-cu-masina-intr-un-cap-de-pod-foto","status":"publish","type":"post","link":"https:\/\/www.giurgiuveanul.ro\/stiri\/grav-accident-rutier-pe-dn5-doi-tineri-giurgiuveni-incarcerati-dupa-ce-au-intrat-cu-masina-intr-un-cap-de-pod-foto\/","title":{"rendered":"Grav accident rutier pe DN5! Doi tineri giurgiuveni, \u00eencarcera\u021bi dup\u0103 ce au intrat cu ma\u0219ina \u00eentr-un cap de pod! FOTO"},"content":{"rendered":"<p><strong><a href=\"https:\/\/www.giurgiuveanul.ro\/stiri\/wp-content\/uploads\/2018\/02\/27781424_762507520615949_426845313_n1.jpg\"><img loading=\"lazy\" decoding=\"async\" class=\"aligncenter size-large wp-image-49596\" src=\"https:\/\/www.giurgiuveanul.ro\/stiri\/wp-content\/uploads\/2018\/02\/27781424_762507520615949_426845313_n1-560x398.jpg\" alt=\"27781424_762507520615949_426845313_n\" width=\"560\" height=\"398\" srcset=\"https:\/\/www.giurgiuveanul.ro\/stiri\/wp-content\/uploads\/2018\/02\/27781424_762507520615949_426845313_n1-560x398.jpg 560w, https:\/\/www.giurgiuveanul.ro\/stiri\/wp-content\/uploads\/2018\/02\/27781424_762507520615949_426845313_n1-250x178.jpg 250w, https:\/\/www.giurgiuveanul.ro\/stiri\/wp-content\/uploads\/2018\/02\/27781424_762507520615949_426845313_n1-400x284.jpg 400w, https:\/\/www.giurgiuveanul.ro\/stiri\/wp-content\/uploads\/2018\/02\/27781424_762507520615949_426845313_n1.jpg 800w\" sizes=\"auto, (max-width: 560px) 100vw, 560px\" \/><\/a>Doi tineri, din Giurgiu, au fost grav r\u0103ni\u021bi, \u00een aceast\u0103 sear\u0103, dup\u0103 ce au intrat cu ma\u0219ina, un BMW, \u00eentr-un <!--more-->cap de pod, pe DN5, pe raza localit\u0103\u021bii Daia.<\/strong><\/p>\n<p>\u00cen scurt timp, la fa\u021ba locului, au ajuns echipajele de ambulan\u021b\u0103 \u0219i echipajul SMURD, dar \u0219i echipajul de la descarcerare \u0219i \u00a0autospeciale de la ISU, precum \u0219i poli\u021bi\u0219tii.<\/p>\n<p><a href=\"https:\/\/www.giurgiuveanul.ro\/stiri\/wp-content\/uploads\/2018\/02\/27781187_762503177283050_1821546961_n.jpg\"><img loading=\"lazy\" decoding=\"async\" class=\"aligncenter size-large wp-image-49591\" src=\"https:\/\/www.giurgiuveanul.ro\/stiri\/wp-content\/uploads\/2018\/02\/27781187_762503177283050_1821546961_n-560x420.jpg\" alt=\"27781187_762503177283050_1821546961_n\" width=\"560\" height=\"420\" srcset=\"https:\/\/www.giurgiuveanul.ro\/stiri\/wp-content\/uploads\/2018\/02\/27781187_762503177283050_1821546961_n-560x420.jpg 560w, https:\/\/www.giurgiuveanul.ro\/stiri\/wp-content\/uploads\/2018\/02\/27781187_762503177283050_1821546961_n-250x188.jpg 250w, https:\/\/www.giurgiuveanul.ro\/stiri\/wp-content\/uploads\/2018\/02\/27781187_762503177283050_1821546961_n-400x300.jpg 400w, https:\/\/www.giurgiuveanul.ro\/stiri\/wp-content\/uploads\/2018\/02\/27781187_762503177283050_1821546961_n.jpg 960w\" sizes=\"auto, (max-width: 560px) 100vw, 560px\" \/><\/a><\/p>\n<p>Pompierii giurgiuveni de la descarcerare au scos victimele dintre fiare, iar dou\u0103 Ambulan\u021be de la SAJ le-au transportat la Spitalul Jude\u021bean de Urgen\u021b\u0103 Giurgiu.<\/p>\n<p>Ulterior, cei doi tineri r\u0103ni\u021bi au fost transporta\u021bi la Spitalul &#8222;Bagdasar Arseni&#8221; din Capital\u0103.<\/p>\n<p>Cele dou\u0103 victime sunt r\u0103nite grav dar sunt con\u0219tiente.<\/p>\n<p>Pe perioada c\u00e2t oamenii legii au f\u0103cut m\u0103sur\u0103tori traficul a fost blocat.<\/p>\n<p>Vom reveni cu detalii oferite de reprezentan\u021bii Poli\u021biei.<\/p>\n","protected":false},"excerpt":{"rendered":"<p>Doi tineri, din Giurgiu, au fost grav r\u0103ni\u021bi, \u00een aceast\u0103 sear\u0103, dup\u0103 ce au intrat cu ma\u0219ina, un BMW, \u00eentr-un<\/p>\n","protected":false},"author":1,"featured_media":0,"comment_status":"open","ping_status":"open","sticky":false,"template":"","format":"standard","meta":{"footnotes":""},"categories":[6],"tags":[],"class_list":["post-49589","post","type-post","status-publish","format-standard","hentry","category-breaking-news"],"_links":{"self":[{"href":"https:\/\/www.giurgiuveanul.ro\/stiri\/wp-json\/wp\/v2\/posts\/49589","targetHints":{"allow":["GET"]}}],"collection":[{"href":"https:\/\/www.giurgiuveanul.ro\/stiri\/wp-json\/wp\/v2\/posts"}],"about":[{"href":"https:\/\/www.giurgiuveanul.ro\/stiri\/wp-json\/wp\/v2\/types\/post"}],"author":[{"embeddable":true,"href":"https:\/\/www.giurgiuveanul.ro\/stiri\/wp-json\/wp\/v2\/users\/1"}],"replies":[{"embeddable":true,"href":"https:\/\/www.giurgiuveanul.ro\/stiri\/wp-json\/wp\/v2\/comments?post=49589"}],"version-history":[{"count":0,"href":"https:\/\/www.giurgiuveanul.ro\/stiri\/wp-json\/wp\/v2\/posts\/49589\/revisions"}],"wp:attachment":[{"href":"https:\/\/www.giurgiuveanul.ro\/stiri\/wp-json\/wp\/v2\/media?parent=49589"}],"wp:term":[{"taxonomy":"category","embeddable":true,"href":"https:\/\/www.giurgiuveanul.ro\/stiri\/wp-json\/wp\/v2\/categories?post=49589"},{"taxonomy":"post_tag","embeddable":true,"href":"https:\/\/www.giurgiuveanul.ro\/stiri\/wp-json\/wp\/v2\/tags?post=49589"}],"curies":[{"name":"wp","href":"https:\/\/api.w.org\/{rel}","templated":true}]}}