{"id":49601,"date":"2018-02-08T09:31:45","date_gmt":"2018-02-08T07:31:45","guid":{"rendered":"https:\/\/www.giurgiuveanul.ro\/stiri\/?p=49601"},"modified":"2018-02-08T09:31:52","modified_gmt":"2018-02-08T07:31:52","slug":"zonele-fara-curent-electric-in-judetul-giurgiu-care-sunt","status":"publish","type":"post","link":"https:\/\/www.giurgiuveanul.ro\/stiri\/zonele-fara-curent-electric-in-judetul-giurgiu-care-sunt\/","title":{"rendered":"Zonele f\u0103r\u0103 curent electric \u00een jude\u0163ul Giurgiu! Care sunt acestea"},"content":{"rendered":"<p style=\"text-align: justify;\"><strong><a href=\"https:\/\/www.giurgiuveanul.ro\/stiri\/wp-content\/uploads\/2018\/02\/curentelectric-1473863737-720x430-800x445.jpg\"><img loading=\"lazy\" decoding=\"async\" class=\"aligncenter size-large wp-image-49602\" src=\"https:\/\/www.giurgiuveanul.ro\/stiri\/wp-content\/uploads\/2018\/02\/curentelectric-1473863737-720x430-800x445-560x312.jpg\" alt=\"curentelectric-1473863737-720x430-800x445\" width=\"560\" height=\"312\" srcset=\"https:\/\/www.giurgiuveanul.ro\/stiri\/wp-content\/uploads\/2018\/02\/curentelectric-1473863737-720x430-800x445-560x312.jpg 560w, https:\/\/www.giurgiuveanul.ro\/stiri\/wp-content\/uploads\/2018\/02\/curentelectric-1473863737-720x430-800x445-250x139.jpg 250w, https:\/\/www.giurgiuveanul.ro\/stiri\/wp-content\/uploads\/2018\/02\/curentelectric-1473863737-720x430-800x445-400x223.jpg 400w, https:\/\/www.giurgiuveanul.ro\/stiri\/wp-content\/uploads\/2018\/02\/curentelectric-1473863737-720x430-800x445.jpg 800w\" sizes=\"auto, (max-width: 560px) 100vw, 560px\" \/><\/a>Mii de oameni vor r\u0103m\u00e2ne, ast\u0103zi, joi, 8 februarie 2018, f\u0103r\u0103 curent electric \u00een <!--more-->jude\u0163ul Giurgiu. E-Distribu\u021bie Muntenia va \u00eentrerupe alimentarea cu energie electric\u0103 \u00een mai multe zone pentru a efectua lucr\u0103ri de revizie \u0219i repara\u021bie.<\/strong><\/p>\n<p><strong>Astfel:<\/strong><\/p>\n<p><strong>\u00centre orele 08:30 \u2013 16:00 \u00een urm\u0103toarele zone<\/strong><strong>:<\/strong><\/p>\n<ul>\n<li>Localitatea Giurgiu, str. Ramadan, 23 August<\/li>\n<li>Localitatea Puieni<\/li>\n<li>Localitatea Giurgiu, str. I.C.Br\u0103tianu, Verii, Plevnei, Cet\u0103tii, 23 August, Eminescu, 1 Mai, Tudor Vianu<\/li>\n<li>Localitatea Giurgiu, str. Corvinului, Biruin\u0163ei, Caraiman, Salc\u00e2mului, Oltului, Alexandriei<\/li>\n<\/ul>\n<p><strong>\u00centre orele 08:30 \u2013 16:30 \u00een urm\u0103toarele zone<\/strong><strong>:<\/strong><\/p>\n<ul>\n<li>Localitatea Giurgiu, str. Libert\u0103\u0163ii, Ghiocelului, Graf, Pia\u0163a Sf. Gheorghe, Preda Buzescu<\/li>\n<li>Localitatea Giurgiu, str. George Co\u015fbuc, Episcopiei, Parcului, Hrito Botev, Gen. Berthelot<\/li>\n<\/ul>\n<p><strong>\u00centre orele 09:00 \u2013 17:00 \u00een urm\u0103toarele zone<\/strong><strong>:<\/strong><\/p>\n<ul>\n<li>Localitatea Hulube\u015fti<\/li>\n<\/ul>\n<p><strong>\u00centre orele 09:00 \u2013 16:00 \u00een urm\u0103toarele zone<\/strong><strong>:<\/strong><\/p>\n<ul>\n<li>Localitatea Tintava din comuna Gr\u0103dinari, str. B\u0103canu, Arge\u015fului \u015fi adiacente p\u00e2n\u0103 \u00een centru<\/li>\n<\/ul>\n","protected":false},"excerpt":{"rendered":"<p>Mii de oameni vor r\u0103m\u00e2ne, ast\u0103zi, joi, 8 februarie 2018, f\u0103r\u0103 curent electric \u00een<\/p>\n","protected":false},"author":1,"featured_media":0,"comment_status":"open","ping_status":"open","sticky":false,"template":"","format":"standard","meta":{"footnotes":""},"categories":[6],"tags":[],"class_list":["post-49601","post","type-post","status-publish","format-standard","hentry","category-breaking-news"],"_links":{"self":[{"href":"https:\/\/www.giurgiuveanul.ro\/stiri\/wp-json\/wp\/v2\/posts\/49601","targetHints":{"allow":["GET"]}}],"collection":[{"href":"https:\/\/www.giurgiuveanul.ro\/stiri\/wp-json\/wp\/v2\/posts"}],"about":[{"href":"https:\/\/www.giurgiuveanul.ro\/stiri\/wp-json\/wp\/v2\/types\/post"}],"author":[{"embeddable":true,"href":"https:\/\/www.giurgiuveanul.ro\/stiri\/wp-json\/wp\/v2\/users\/1"}],"replies":[{"embeddable":true,"href":"https:\/\/www.giurgiuveanul.ro\/stiri\/wp-json\/wp\/v2\/comments?post=49601"}],"version-history":[{"count":0,"href":"https:\/\/www.giurgiuveanul.ro\/stiri\/wp-json\/wp\/v2\/posts\/49601\/revisions"}],"wp:attachment":[{"href":"https:\/\/www.giurgiuveanul.ro\/stiri\/wp-json\/wp\/v2\/media?parent=49601"}],"wp:term":[{"taxonomy":"category","embeddable":true,"href":"https:\/\/www.giurgiuveanul.ro\/stiri\/wp-json\/wp\/v2\/categories?post=49601"},{"taxonomy":"post_tag","embeddable":true,"href":"https:\/\/www.giurgiuveanul.ro\/stiri\/wp-json\/wp\/v2\/tags?post=49601"}],"curies":[{"name":"wp","href":"https:\/\/api.w.org\/{rel}","templated":true}]}}