{"id":49605,"date":"2018-02-08T09:50:22","date_gmt":"2018-02-08T07:50:22","guid":{"rendered":"https:\/\/www.giurgiuveanul.ro\/stiri\/?p=49605"},"modified":"2018-02-08T10:06:13","modified_gmt":"2018-02-08T08:06:13","slug":"informatii-oficiale-despre-accidentul-rutier-de-la-daia-soldat-cu-doua-victime","status":"publish","type":"post","link":"https:\/\/www.giurgiuveanul.ro\/stiri\/informatii-oficiale-despre-accidentul-rutier-de-la-daia-soldat-cu-doua-victime\/","title":{"rendered":"Informa\u0163ii oficiale despre accidentul rutier de la Daia, soldat cu dou\u0103 victime! (FOTO)"},"content":{"rendered":"<p style=\"text-align: justify;\"><strong><a href=\"https:\/\/www.giurgiuveanul.ro\/stiri\/wp-content\/uploads\/2018\/02\/27781187_762503177283050_1821546961_n.jpg\"><img loading=\"lazy\" decoding=\"async\" class=\"aligncenter size-large wp-image-49591\" src=\"https:\/\/www.giurgiuveanul.ro\/stiri\/wp-content\/uploads\/2018\/02\/27781187_762503177283050_1821546961_n-560x420.jpg\" alt=\"27781187_762503177283050_1821546961_n\" width=\"560\" height=\"420\" srcset=\"https:\/\/www.giurgiuveanul.ro\/stiri\/wp-content\/uploads\/2018\/02\/27781187_762503177283050_1821546961_n-560x420.jpg 560w, https:\/\/www.giurgiuveanul.ro\/stiri\/wp-content\/uploads\/2018\/02\/27781187_762503177283050_1821546961_n-250x188.jpg 250w, https:\/\/www.giurgiuveanul.ro\/stiri\/wp-content\/uploads\/2018\/02\/27781187_762503177283050_1821546961_n-400x300.jpg 400w, https:\/\/www.giurgiuveanul.ro\/stiri\/wp-content\/uploads\/2018\/02\/27781187_762503177283050_1821546961_n.jpg 960w\" sizes=\"auto, (max-width: 560px) 100vw, 560px\" \/><\/a>Poli\u0163i\u015ftii <!--more-->au deschis un dosar penal pentru \u201ev\u0103t\u0103mare corporal\u0103 din culp\u0103\u201d pe numele \u015foferului autoturismului BMW, implicat in accidentul rutier produs asear\u0103, \u00een jurul orei 20.45, pe DN 5, \u00een afara localit\u0103\u0163ii giurgiuvene Daia.<\/strong><\/p>\n<p style=\"text-align: justify;\">\u00cen urma impactului, dou\u0103 persoane au fost r\u0103nite, fiind vorba despre doi tineri, de 29 de ani, conduc\u0103torul auto, \u015fi respectiv 20 de ani, pasager al autoturismului.<\/p>\n<p style=\"text-align: justify;\">Potrivit reprezentan\u0163ilor IPJ Giurgiu, \u015foferul autoturismului BMW, un t\u00e2n\u0103r de 29 de ani, din Giurgiu, nu a adaptat viteza la condi\u021biile de drum, carosabilul fiind umed, \u0219i, \u00eentr-o curb\u0103 la st\u00e2nga, a intrat pe contrasens, unde s-a lovit cu autoturismul de un cap de pod.<\/p>\n<p>\u0218oferul a fost testat alcooltest, rezultatul fiind negativ.<\/p>\n<p style=\"text-align: justify;\">\u0218oferul autoturismului \u0219i prietenul acestuia au suferit v\u0103t\u0103m\u0103ri corporale, fiind transporta\u021bi pentru investiga\u021bii suplimentare la\u00a0o unitate spitaliceasc\u0103 din Bucure\u0219ti, este vorba despre <strong>Spitalul &#8222;Bagdasar Arseni&#8221;<\/strong>.<\/p>\n","protected":false},"excerpt":{"rendered":"<p>Poli\u0163i\u015ftii<\/p>\n","protected":false},"author":1,"featured_media":0,"comment_status":"open","ping_status":"open","sticky":false,"template":"","format":"standard","meta":{"footnotes":""},"categories":[6],"tags":[],"class_list":["post-49605","post","type-post","status-publish","format-standard","hentry","category-breaking-news"],"_links":{"self":[{"href":"https:\/\/www.giurgiuveanul.ro\/stiri\/wp-json\/wp\/v2\/posts\/49605","targetHints":{"allow":["GET"]}}],"collection":[{"href":"https:\/\/www.giurgiuveanul.ro\/stiri\/wp-json\/wp\/v2\/posts"}],"about":[{"href":"https:\/\/www.giurgiuveanul.ro\/stiri\/wp-json\/wp\/v2\/types\/post"}],"author":[{"embeddable":true,"href":"https:\/\/www.giurgiuveanul.ro\/stiri\/wp-json\/wp\/v2\/users\/1"}],"replies":[{"embeddable":true,"href":"https:\/\/www.giurgiuveanul.ro\/stiri\/wp-json\/wp\/v2\/comments?post=49605"}],"version-history":[{"count":0,"href":"https:\/\/www.giurgiuveanul.ro\/stiri\/wp-json\/wp\/v2\/posts\/49605\/revisions"}],"wp:attachment":[{"href":"https:\/\/www.giurgiuveanul.ro\/stiri\/wp-json\/wp\/v2\/media?parent=49605"}],"wp:term":[{"taxonomy":"category","embeddable":true,"href":"https:\/\/www.giurgiuveanul.ro\/stiri\/wp-json\/wp\/v2\/categories?post=49605"},{"taxonomy":"post_tag","embeddable":true,"href":"https:\/\/www.giurgiuveanul.ro\/stiri\/wp-json\/wp\/v2\/tags?post=49605"}],"curies":[{"name":"wp","href":"https:\/\/api.w.org\/{rel}","templated":true}]}}