{"id":49625,"date":"2018-02-09T09:10:00","date_gmt":"2018-02-09T07:10:00","guid":{"rendered":"https:\/\/www.giurgiuveanul.ro\/stiri\/?p=49625"},"modified":"2018-02-09T09:10:00","modified_gmt":"2018-02-09T07:10:00","slug":"proteste-ale-angajatilor-din-penitenciare","status":"publish","type":"post","link":"https:\/\/www.giurgiuveanul.ro\/stiri\/proteste-ale-angajatilor-din-penitenciare\/","title":{"rendered":"Proteste ale angaja\u021bilor din penitenciare"},"content":{"rendered":"<p style=\"text-align: justify;\"><strong><a href=\"https:\/\/www.giurgiuveanul.ro\/stiri\/wp-content\/uploads\/2018\/02\/sindicalistii-din-penitenciare-au-incheiat-mitingul-din-fata-ministerului-justitiei-protestele-vor-continua-galerie-foto-18512293.jpg\"><img loading=\"lazy\" decoding=\"async\" class=\"aligncenter size-large wp-image-49626\" src=\"https:\/\/www.giurgiuveanul.ro\/stiri\/wp-content\/uploads\/2018\/02\/sindicalistii-din-penitenciare-au-incheiat-mitingul-din-fata-ministerului-justitiei-protestele-vor-continua-galerie-foto-18512293-560x374.jpg\" alt=\"sindicalistii-din-penitenciare-au-incheiat-mitingul-din-fata-ministerului-justitiei-protestele-vor-continua-galerie-foto-18512293\" width=\"560\" height=\"374\" srcset=\"https:\/\/www.giurgiuveanul.ro\/stiri\/wp-content\/uploads\/2018\/02\/sindicalistii-din-penitenciare-au-incheiat-mitingul-din-fata-ministerului-justitiei-protestele-vor-continua-galerie-foto-18512293-560x374.jpg 560w, https:\/\/www.giurgiuveanul.ro\/stiri\/wp-content\/uploads\/2018\/02\/sindicalistii-din-penitenciare-au-incheiat-mitingul-din-fata-ministerului-justitiei-protestele-vor-continua-galerie-foto-18512293-250x167.jpg 250w, https:\/\/www.giurgiuveanul.ro\/stiri\/wp-content\/uploads\/2018\/02\/sindicalistii-din-penitenciare-au-incheiat-mitingul-din-fata-ministerului-justitiei-protestele-vor-continua-galerie-foto-18512293-400x267.jpg 400w, https:\/\/www.giurgiuveanul.ro\/stiri\/wp-content\/uploads\/2018\/02\/sindicalistii-din-penitenciare-au-incheiat-mitingul-din-fata-ministerului-justitiei-protestele-vor-continua-galerie-foto-18512293.jpg 650w\" sizes=\"auto, (max-width: 560px) 100vw, 560px\" \/><\/a>Angaja\u0163ii din penitenciare<!--more--> protesteaz\u0103, ast\u0103zi, de la ora 10.00, \u00een fa\u0163a Ministerului Justi\u0163iei, reclam\u00e2nd condi\u0163iile de lucru improprii, deficitul de personal \u015fi neplata orelor suplimentare nerecuperate.<\/strong><\/p>\n<p style=\"text-align: justify;\"><em>\u201cAv\u00e2nd \u00een vedere c\u0103 ministrul Justi\u0163iei refuz\u0103 dialogul, iar problemele din penitenciare continu\u0103 s\u0103 r\u0103m\u00e2n\u0103 nerezolvate, vineri, 9 februarie 2018, la ora 10.00, vom fi prezen\u0163i la sediul Ministerului Justi\u0163iei cu o list\u0103 de revendic\u0103ri pentru ministrul Tudorel Toader. Solicit\u0103m ministrului Justi\u0163iei rezolvarea urgent\u0103 a problemelor legate de condi\u0163iile de lucru improprii, deficitul de personal \u015fi plata orelor suplimentare nerecuperate\u201d<\/em>, se men\u0163ioneaz\u0103 \u00eentr-un comunicat al Federa\u0163iei Sindicatelor din Administra\u0163ia Na\u0163ional\u0103 a Penitenciarelor.<\/p>\n<p style=\"text-align: justify;\">Sindicali\u015ftii cer un plan de m\u0103suri de \u00eembun\u0103t\u0103\u0163ire a condi\u021biilor de lucru \u015fi un buget care s\u0103 asigure implementarea acestuia.<\/p>\n<p style=\"text-align: justify;\"><em>\u201cNu doar de\u0163inu\u0163ii, ci \u015fi personalul penitenciarelor are dreptul la un tratament decent din partea autorit\u0103\u0163ilor\u201d,<\/em> atrage aten\u0163ia FSANP.<\/p>\n<p style=\"text-align: justify;\">\u00cen ceea ce prive\u015fte deficitul de personal, acesta este de aproape 40%, iar sindicali\u015ftii acuz\u0103 faptul c\u0103 <em>\u201cministrul Justi\u0163iei \u0163ine din octombrie 2017 la sertar Memorandumul privind scoaterea la concurs a func\u0163iilor vacante\u201d.<\/em><\/p>\n<p style=\"text-align: justify;\"><em>\u201cAv\u00e2nd \u00een vedere ca recenta suplimentare cu 1.000 de func\u0163ii a statelor penitenciarelor este doar pe h\u00e2rtie, posturile nefiind bugetate, cerem deblocarea concursurilor \u015fi finan\u0163area posturilor vacante\u201d<\/em>, se arat\u0103 \u00een comunicatul FSANP.<\/p>\n<p style=\"text-align: justify;\">De asemenea, sindicali\u015ftii solicit\u0103 promovarea rapid\u0103 a proiectului privind plata orelor suplimentare nerecuperate, atr\u0103g\u00e2nd aten\u0163ia c\u0103<em> \u201cmunca for\u0163at\u0103 este interzis\u0103 prin Constitu\u0163ie\u201d.<\/em><\/p>\n","protected":false},"excerpt":{"rendered":"<p>Angaja\u0163ii din penitenciare<\/p>\n","protected":false},"author":1,"featured_media":0,"comment_status":"open","ping_status":"open","sticky":false,"template":"","format":"standard","meta":{"footnotes":""},"categories":[6],"tags":[],"class_list":["post-49625","post","type-post","status-publish","format-standard","hentry","category-breaking-news"],"_links":{"self":[{"href":"https:\/\/www.giurgiuveanul.ro\/stiri\/wp-json\/wp\/v2\/posts\/49625","targetHints":{"allow":["GET"]}}],"collection":[{"href":"https:\/\/www.giurgiuveanul.ro\/stiri\/wp-json\/wp\/v2\/posts"}],"about":[{"href":"https:\/\/www.giurgiuveanul.ro\/stiri\/wp-json\/wp\/v2\/types\/post"}],"author":[{"embeddable":true,"href":"https:\/\/www.giurgiuveanul.ro\/stiri\/wp-json\/wp\/v2\/users\/1"}],"replies":[{"embeddable":true,"href":"https:\/\/www.giurgiuveanul.ro\/stiri\/wp-json\/wp\/v2\/comments?post=49625"}],"version-history":[{"count":0,"href":"https:\/\/www.giurgiuveanul.ro\/stiri\/wp-json\/wp\/v2\/posts\/49625\/revisions"}],"wp:attachment":[{"href":"https:\/\/www.giurgiuveanul.ro\/stiri\/wp-json\/wp\/v2\/media?parent=49625"}],"wp:term":[{"taxonomy":"category","embeddable":true,"href":"https:\/\/www.giurgiuveanul.ro\/stiri\/wp-json\/wp\/v2\/categories?post=49625"},{"taxonomy":"post_tag","embeddable":true,"href":"https:\/\/www.giurgiuveanul.ro\/stiri\/wp-json\/wp\/v2\/tags?post=49625"}],"curies":[{"name":"wp","href":"https:\/\/api.w.org\/{rel}","templated":true}]}}