{"id":49628,"date":"2018-02-09T10:38:18","date_gmt":"2018-02-09T08:38:18","guid":{"rendered":"https:\/\/www.giurgiuveanul.ro\/stiri\/?p=49628"},"modified":"2018-02-09T10:39:39","modified_gmt":"2018-02-09T08:39:39","slug":"atentie-fost-introdus-ordinul-de-protectie-provizoriu-prin-care-politistii-pot-inlatura-de-indata-agresorul-din-domiciliu","status":"publish","type":"post","link":"https:\/\/www.giurgiuveanul.ro\/stiri\/atentie-fost-introdus-ordinul-de-protectie-provizoriu-prin-care-politistii-pot-inlatura-de-indata-agresorul-din-domiciliu\/","title":{"rendered":"ATEN\u0162IE! A fost introdus Ordinul de protec\u0163ie provizoriu, prin care poli\u0163i\u015ftii pot \u00eenl\u0103tura de \u00eendat\u0103 agresorul din domiciliu!"},"content":{"rendered":"<p style=\"text-align: justify;\"><strong><a href=\"https:\/\/www.giurgiuveanul.ro\/stiri\/wp-content\/uploads\/2018\/02\/93958-violenta-in-familie-intre-prejudici-2612122836_L.jpg\"><img loading=\"lazy\" decoding=\"async\" class=\"aligncenter size-large wp-image-49629\" src=\"https:\/\/www.giurgiuveanul.ro\/stiri\/wp-content\/uploads\/2018\/02\/93958-violenta-in-familie-intre-prejudici-2612122836_L-560x382.jpg\" alt=\"93958-violenta-in-familie-intre-prejudici-2612122836_L\" width=\"560\" height=\"382\" srcset=\"https:\/\/www.giurgiuveanul.ro\/stiri\/wp-content\/uploads\/2018\/02\/93958-violenta-in-familie-intre-prejudici-2612122836_L-560x382.jpg 560w, https:\/\/www.giurgiuveanul.ro\/stiri\/wp-content\/uploads\/2018\/02\/93958-violenta-in-familie-intre-prejudici-2612122836_L-250x170.jpg 250w, https:\/\/www.giurgiuveanul.ro\/stiri\/wp-content\/uploads\/2018\/02\/93958-violenta-in-familie-intre-prejudici-2612122836_L-400x273.jpg 400w, https:\/\/www.giurgiuveanul.ro\/stiri\/wp-content\/uploads\/2018\/02\/93958-violenta-in-familie-intre-prejudici-2612122836_L.jpg 660w\" sizes=\"auto, (max-width: 560px) 100vw, 560px\" \/><\/a>Guvernul a aprobat proiectul de Lege privind <!--more-->modificarea \u0219i completarea Legii nr. 217\/2003 privind prevenirea \u0219i combaterea violen\u021bei \u00een familie, fiind introduse noi m\u0103suri pentru protejarea imediat\u0103 a victimei \u0219i \u00eenl\u0103turarea agresorului.<\/strong><\/p>\n<p style=\"text-align: justify;\">Documentul aprobat de Guvern reglementeaz\u0103 Ordinul de protec\u021bie provizoriu (OPP), un instrument \u00een materie administrativ\u0103, care \u00eei va permite poli\u021bistului s\u0103 intervin\u0103 rapid \u00een situa\u021biile de pericol iminent pentru s\u0103n\u0103tate \u0219i securitatea victimei violen\u021bei domestice \u0219i s\u0103 \u00eenl\u0103ture de \u00eendat\u0103 agresorul din domiciliu.<\/p>\n<p style=\"text-align: justify;\"><strong>Ordinul de protec\u021bie provizoriu<\/strong> este diferit de Ordinul de protec\u021bie (OP), care este deja reglementat prin lege din anul 2012. Practic, Ordinul de protec\u021bie provizoriu este un instrument complementar Ordinului de protec\u021bie, care se emite de c\u0103tre poli\u021bist, de \u00eendat\u0103, cu caracter executoriu, f\u0103r\u0103 termen \u0219i f\u0103r\u0103 soma\u021bie, av\u00e2nd valabilitate de 5 zile, cu posibilitate de prelungire p\u00e2n\u0103 la emiterea Ordinului de protec\u021bie.<\/p>\n<p style=\"text-align: justify;\">Dup\u0103 ce poli\u021bistul va emite OPP, documentul va fi confirmat de c\u0103tre procuror, pe baza declara\u021bilor \u0219i a probelor str\u00e2nse de c\u0103tre poli\u021bist. Ulterior, procurorul va avea obliga\u021bia s\u0103 transmit\u0103 OPP \u00eempreun\u0103 cu toate dovezile existente la dosar c\u0103tre judec\u0103tor, iar acesta se va pronun\u021ba prin emiterea unui OP.<\/p>\n<p style=\"text-align: justify;\">Prin actuala reglementare, poli\u021bistul va avea dreptul \u0219i obliga\u021bia s\u0103 se deplaseze la domiciliul victimei, s\u0103 intre \u00een domiciliu, chiar \u0219i cu for\u021ba, \u0219i s\u0103 emit\u0103 un OPP prin care s\u0103 \u00eenl\u0103ture de \u00eendat\u0103 agresorul, chiar dac\u0103 acesta este titularul contractului de proprietate.<\/p>\n<p style=\"text-align: justify;\">OPP va fi emis \u00een baza unei Fi\u0219e de risc, prin care poli\u021bistul va stabili gradul de risc \u00een baza evalu\u0103rii de la fa\u021ba locului. Dac\u0103 riscul pentru victim\u0103 este crescut sau foarte crescut, poli\u021bistul va emite un OPP, prin care pot fi dispuse urm\u0103toarele m\u0103suri pentru agresor:<\/p>\n<p style=\"text-align: justify;\">* Evacuarea din domiciliu cu interdic\u021bia de a reveni pe toat\u0103 durata valabilit\u0103\u021bii OPP;<\/p>\n<p style=\"text-align: justify;\">* Stabilirea unei distan\u021be minime de apropiere de victim\u0103 (de domiciliu, de locul de munc\u0103, de \u0219coal\u0103, dup\u0103 caz);<\/p>\n<p style=\"text-align: justify;\">* Confiscarea cheilor, a armelor.<\/p>\n<p style=\"text-align: justify;\">OPP \u0219i OP vor fi monitorizate de c\u0103tre poli\u021bi\u0219ti, nerespectarea m\u0103surilor dispuse prin cele dou\u0103 instrumente constituind infrac\u021biune, pentru care este prev\u0103zut\u0103 pedeapsa cu \u00eenchisoarea de la 1 lun\u0103 la 1 an.<\/p>\n<p style=\"text-align: justify;\">\u00cen procesul de monitorizare, poli\u021bistul va face verific\u0103ri permanente prin toate mijloacele \u00een vederea respect\u0103rii m\u0103surilor dispuse pentru agresor (vizite la domiciliu, culegere de informa\u021bii de la vecini, serviciul victimei, \u0219coal\u0103, dup\u0103 caz). De asemenea, dup\u0103 emiterea OPP, poli\u021bistul se va asigura c\u0103 drepturile agresorului sunt respectate prin m\u0103suri care vizeaz\u0103 informarea corect\u0103 cu privire la OPP \u0219i respectiv \u00eendrumarea \u0219i orientarea c\u0103tre un serviciu social specializat pentru g\u0103zduire \u0219i consiliere.<\/p>\n<p style=\"text-align: justify;\">De asemenea, pentru agresor, se introduce obliga\u021bia de a purta permanent un sistem electronic de supraveghere (br\u0103\u021bar\u0103 electronic\u0103) \u00een urm\u0103toarele condi\u021bii:<\/p>\n<p style=\"text-align: justify;\">* Agresorul a fost obligat s\u0103 p\u0103streze o distan\u021b\u0103 minim\u0103 determinat\u0103 fa\u021b\u0103 de victim\u0103, fa\u021b\u0103 de copiii acesteia sau fa\u021b\u0103 de rude ale acesteia, ori fa\u021b\u0103 de re\u0219edin\u021ba, locul de munc\u0103 sau unitatea de \u00eenv\u0103\u021b\u0103m\u00e2nt a persoanei protejate;<\/p>\n<p style=\"text-align: justify;\">* Agresorului i-a fost interzis\u0103 deplasarea \u00een anumite localit\u0103\u021bi sau zone determinate pe care persoana protejat\u0103 le frecventeaz\u0103 ori le viziteaz\u0103 periodic;<\/p>\n<p style=\"text-align: justify;\">Utilizarea sistemului de supraveghere electronic\u0103 va fi posibil\u0103 dac\u0103 victima \u0219i, dup\u0103 caz, membrii familiei acesteia \u00ee\u0219i exprim\u0103 acordul de a purta un astfel de sistem care permite verificarea respect\u0103rii obliga\u021biei agresorului.<\/p>\n<p style=\"text-align: justify;\">Regimul juridic al sistemului de supraveghere electronic\u0103 utilizat pentru verificarea respect\u0103rii m\u0103surilor de protec\u021bie va fi stabilit ulterior, prin lege.<\/p>\n<p style=\"text-align: justify;\">Men\u021bion\u0103m c\u0103 un astfel de sistem electronic de supraveghere se reg\u0103se\u0219te \u00een Codul de procedur\u0103 penal\u0103, Legea nr. 253\/2013 \u0219i Legea 254\/2013.<\/p>\n<p style=\"text-align: justify;\">Prin intermediul acestor instrumente se urm\u0103re\u0219te \u00eembun\u0103t\u0103\u021birea sprijinului acordat victimelor violen\u021bei domestice, prin asigurarea unei interven\u021bii imediate \u0219i coerente. Normele, metodologiile \u0219i procedurile vor fi elaborate prin legisla\u021bia secundar\u0103, aceasta urm\u00e2nd s\u0103 fie reglementat\u0103 printr-un Ordin comun al MMJS \u0219i MAI.<\/p>\n<p style=\"text-align: justify;\">Tot \u00een \u0219edin\u021ba de joi, 8 februarie, Guvernul a reglmentat \u0219i exercitarea profesiei de expert \u0219i a celei de tehnician \u00een egalitate de \u0219anse, prin modificarea Legii nr. 202\/2002 privind egalitatea de \u015fanse \u015fi de tratament \u00eentre femei \u015fi b\u0103rba\u0163i. Cele dou\u0103 profesii au fost introduse \u00een COR (Clasificarea Ocupa\u021biilor \u00een Rom\u00e2nia) \u00een anul 2014, respectiv 2015.<\/p>\n<p style=\"text-align: justify;\">Mai mult, actul normativ stabile\u0219te c\u0103 persoanele juridice din sectorul public \u0219i din cel privat care au peste 50 de salaria\u021bi vor avea posibilitatea de a angaja un expert sau un tehnician \u00een egalitate de \u0219anse, \u00een limita bugetului destinat cheltuielilor salariale.<\/p>\n<p style=\"text-align: justify;\">Reglementarea celor dou\u0103 profesii vine \u00een contextul unei preocup\u0103ri din ce \u00een ce mai mari, la nivel interna\u0163ional \u015fi european, pentru implementarea principiilor egalit\u0103\u021bii de gen \u00een toate domeniile \u0219i la toate nivelurile de interven\u021bie.<\/p>\n<p style=\"text-align: justify;\">Rom\u00e2nia \u0219i-a asumat, \u00een anul 2015, punerea \u00een aplicare a Angajamentului nr. 1 privind formarea unor speciali\u0219ti, exper\u021bi \u0219i tehnicieni \u00een domeniul egalit\u0103\u021bii de \u0219anse de la nivelul administra\u021biei publice centrale \u0219i locale, \u00een cadrul Campaniei \u201eHEforSHE\u201d, ini\u021bit\u0103 de UN WOMEN, \u0219i s-a angajat ca, p\u00e2n\u0103 \u00een anul 2020, 70% dintre cele 1.680 de institu\u021bii publice na\u021bionale \u0219i locale s\u0103 aib\u0103 exper\u021bi sau tehnicieni \u00een domeniul egalit\u0103\u021bii de \u0219anse.<\/p>\n<p style=\"text-align: justify;\">Actul normativ introduce \u0219i no\u021biunea de \u201eviolen\u021b\u0103 de gen\u201d, conform defini\u021biei din Conven\u021bia de la Istanbul.<\/p>\n<p style=\"text-align: justify;\">Informa\u021bii suplimentare:<\/p>\n<p style=\"text-align: justify;\">\u00a0Situa\u021bia statistic\u0103 \u00een domeniul violen\u021bei \u00een familie, potrivit IGPR:<\/p>\n<p style=\"text-align: justify;\"><strong>*Anul 2016<\/strong><\/p>\n<p style=\"text-align: justify;\">\u2013\u00a0\u00a0\u00a0\u00a0\u00a0\u00a0\u00a0\u00a0\u00a0\u00a0\u00a0\u00a0\u00a0 36.664 victime ale violen\u021bei \u00een familie;<\/p>\n<p style=\"text-align: justify;\">\u2013\u00a0\u00a0\u00a0\u00a0\u00a0\u00a0\u00a0\u00a0\u00a0\u00a0\u00a0\u00a0\u00a0 191 decese precizate de Ministerul Public;<\/p>\n<p style=\"text-align: justify;\">\u2013\u00a0\u00a0\u00a0\u00a0\u00a0\u00a0\u00a0\u00a0\u00a0\u00a0\u00a0\u00a0\u00a0 2574 de OP emise, dintre care 743 sunt \u00eenc\u0103lcate.<\/p>\n<p style=\"text-align: justify;\"><strong>*Anul 2017<\/strong><\/p>\n<p style=\"text-align: justify;\">\u2013\u00a0\u00a0\u00a0\u00a0\u00a0\u00a0\u00a0\u00a0\u00a0\u00a0\u00a0\u00a0\u00a0 20.617 victime ale violen\u021bei \u00een familie;<\/p>\n<p style=\"text-align: justify;\">\u2013\u00a0\u00a0\u00a0\u00a0\u00a0\u00a0\u00a0\u00a0\u00a0\u00a0\u00a0\u00a0\u00a0 84 decese;<\/p>\n<p style=\"text-align: justify;\">\u2013\u00a0\u00a0\u00a0\u00a0\u00a0\u00a0\u00a0\u00a0\u00a0\u00a0\u00a0\u00a0\u00a0 peste 3000 de ordine de protec\u021bie emise de instan\u021b\u0103;<\/p>\n<p style=\"text-align: justify;\">\u2013\u00a0\u00a0\u00a0\u00a0\u00a0\u00a0\u00a0\u00a0\u00a0\u00a0\u00a0\u00a0\u00a0 OP \u00eenc\u0103lcate \u2013 1011.<\/p>\n","protected":false},"excerpt":{"rendered":"<p>Guvernul a aprobat proiectul de Lege privind<\/p>\n","protected":false},"author":1,"featured_media":0,"comment_status":"open","ping_status":"open","sticky":false,"template":"","format":"standard","meta":{"footnotes":""},"categories":[6],"tags":[],"class_list":["post-49628","post","type-post","status-publish","format-standard","hentry","category-breaking-news"],"_links":{"self":[{"href":"https:\/\/www.giurgiuveanul.ro\/stiri\/wp-json\/wp\/v2\/posts\/49628","targetHints":{"allow":["GET"]}}],"collection":[{"href":"https:\/\/www.giurgiuveanul.ro\/stiri\/wp-json\/wp\/v2\/posts"}],"about":[{"href":"https:\/\/www.giurgiuveanul.ro\/stiri\/wp-json\/wp\/v2\/types\/post"}],"author":[{"embeddable":true,"href":"https:\/\/www.giurgiuveanul.ro\/stiri\/wp-json\/wp\/v2\/users\/1"}],"replies":[{"embeddable":true,"href":"https:\/\/www.giurgiuveanul.ro\/stiri\/wp-json\/wp\/v2\/comments?post=49628"}],"version-history":[{"count":0,"href":"https:\/\/www.giurgiuveanul.ro\/stiri\/wp-json\/wp\/v2\/posts\/49628\/revisions"}],"wp:attachment":[{"href":"https:\/\/www.giurgiuveanul.ro\/stiri\/wp-json\/wp\/v2\/media?parent=49628"}],"wp:term":[{"taxonomy":"category","embeddable":true,"href":"https:\/\/www.giurgiuveanul.ro\/stiri\/wp-json\/wp\/v2\/categories?post=49628"},{"taxonomy":"post_tag","embeddable":true,"href":"https:\/\/www.giurgiuveanul.ro\/stiri\/wp-json\/wp\/v2\/tags?post=49628"}],"curies":[{"name":"wp","href":"https:\/\/api.w.org\/{rel}","templated":true}]}}