{"id":49633,"date":"2018-02-09T18:30:46","date_gmt":"2018-02-09T16:30:46","guid":{"rendered":"https:\/\/www.giurgiuveanul.ro\/stiri\/?p=49633"},"modified":"2018-02-09T18:30:46","modified_gmt":"2018-02-09T16:30:46","slug":"gripa-interzice-vizitele-la-spitalele-din-giurgiu","status":"publish","type":"post","link":"https:\/\/www.giurgiuveanul.ro\/stiri\/gripa-interzice-vizitele-la-spitalele-din-giurgiu\/","title":{"rendered":"Gripa interzice vizitele la spitalele din Giurgiu"},"content":{"rendered":"<p style=\"text-align: justify;\"><strong><a href=\"https:\/\/www.giurgiuveanul.ro\/stiri\/wp-content\/uploads\/2018\/02\/raceala-gripa.jpg\"><img loading=\"lazy\" decoding=\"async\" class=\"aligncenter size-large wp-image-49634\" src=\"https:\/\/www.giurgiuveanul.ro\/stiri\/wp-content\/uploads\/2018\/02\/raceala-gripa-560x400.jpg\" alt=\"raceala-gripa\" width=\"560\" height=\"400\" srcset=\"https:\/\/www.giurgiuveanul.ro\/stiri\/wp-content\/uploads\/2018\/02\/raceala-gripa-560x400.jpg 560w, https:\/\/www.giurgiuveanul.ro\/stiri\/wp-content\/uploads\/2018\/02\/raceala-gripa-250x178.jpg 250w, https:\/\/www.giurgiuveanul.ro\/stiri\/wp-content\/uploads\/2018\/02\/raceala-gripa-400x286.jpg 400w, https:\/\/www.giurgiuveanul.ro\/stiri\/wp-content\/uploads\/2018\/02\/raceala-gripa.jpg 1024w\" sizes=\"auto, (max-width: 560px) 100vw, 560px\" \/><\/a>Giurgiuvenii care doresc s\u0103 intre \u00een Spitalul Jude\u021bean de Urgen\u021b\u0103 Giurgiu, dar \u0219i \u00een <!--more-->Spitalul Or\u0103\u0219enesc Bolintin \u0219i cel de Pneumoftiziologie de la Izvoru ca s\u0103 \u00ee\u0219i viziteze rudele internate nu mai au acces \u00een sec\u021bii dec\u00e2t \u00een timpul programului oficial de vizit\u0103. <\/strong><\/p>\n<p style=\"text-align: justify;\">Accesul vizitatorilor a fost limitat din pricina num\u0103rului tot mai mare de persoane diagnosticate cu viroze respiratorii, dar \u0219i pentru c\u0103 la nivelul jude\u021bului au ap\u0103rut primele cazuri de grip\u0103. Trei giurgiuveni au fost diagnostica\u021bi clinic cu grip\u0103. \u00cen ultima s\u0103pt\u0103m\u00e2n\u0103, \u00een jude\u021bul Giurgiu, 531 de persoane au fost diagnosticate cu infec\u021bii respiratorii acute, \u00een timp ce alte 90 au fost diagnosticate cu pneumonie.<\/p>\n<p style=\"text-align: justify;\">Concret, fa\u021b\u0103 de s\u0103pt\u0103m\u00e2na anterioar\u0103, num\u0103rul celor care au fost diagnostica\u021bi cu infec\u021bii respiratorii s-a dublat, iar speciali\u0219tii se a\u0219teapt\u0103 la o cre\u0219tere a cazurilor \u00een perioada urm\u0103toare.<\/p>\n<p style=\"text-align: justify;\">\u00cen concecin\u021b\u0103, s-a limitat accesul persoanelor \u00een toate sec\u021biile spitalelor, iar \u00een afara programul de vizit\u0103 pot intra doar cei care se interneaz\u0103 \u0219i \u00eenso\u021bitorii permanen\u021bi ai bolnavilor.<\/p>\n<p style=\"text-align: justify;\">Jude\u021bul Giurgiu a primit cele mai pu\u021bine doze de vaccin antigripal, 5.328 de doze, din totalul de 8.900 solicitate de Direc\u021bia de S\u0103n\u0103tate Public\u0103, acestea fiind epuizate \u00eenc\u0103 din decembrie.<\/p>\n","protected":false},"excerpt":{"rendered":"<p>Giurgiuvenii care doresc s\u0103 intre \u00een Spitalul Jude\u021bean de Urgen\u021b\u0103 Giurgiu, dar \u0219i \u00een<\/p>\n","protected":false},"author":1,"featured_media":0,"comment_status":"open","ping_status":"open","sticky":false,"template":"","format":"standard","meta":{"footnotes":""},"categories":[6],"tags":[],"class_list":["post-49633","post","type-post","status-publish","format-standard","hentry","category-breaking-news"],"_links":{"self":[{"href":"https:\/\/www.giurgiuveanul.ro\/stiri\/wp-json\/wp\/v2\/posts\/49633","targetHints":{"allow":["GET"]}}],"collection":[{"href":"https:\/\/www.giurgiuveanul.ro\/stiri\/wp-json\/wp\/v2\/posts"}],"about":[{"href":"https:\/\/www.giurgiuveanul.ro\/stiri\/wp-json\/wp\/v2\/types\/post"}],"author":[{"embeddable":true,"href":"https:\/\/www.giurgiuveanul.ro\/stiri\/wp-json\/wp\/v2\/users\/1"}],"replies":[{"embeddable":true,"href":"https:\/\/www.giurgiuveanul.ro\/stiri\/wp-json\/wp\/v2\/comments?post=49633"}],"version-history":[{"count":0,"href":"https:\/\/www.giurgiuveanul.ro\/stiri\/wp-json\/wp\/v2\/posts\/49633\/revisions"}],"wp:attachment":[{"href":"https:\/\/www.giurgiuveanul.ro\/stiri\/wp-json\/wp\/v2\/media?parent=49633"}],"wp:term":[{"taxonomy":"category","embeddable":true,"href":"https:\/\/www.giurgiuveanul.ro\/stiri\/wp-json\/wp\/v2\/categories?post=49633"},{"taxonomy":"post_tag","embeddable":true,"href":"https:\/\/www.giurgiuveanul.ro\/stiri\/wp-json\/wp\/v2\/tags?post=49633"}],"curies":[{"name":"wp","href":"https:\/\/api.w.org\/{rel}","templated":true}]}}