{"id":49636,"date":"2018-02-09T18:39:59","date_gmt":"2018-02-09T16:39:59","guid":{"rendered":"https:\/\/www.giurgiuveanul.ro\/stiri\/?p=49636"},"modified":"2018-02-09T18:40:30","modified_gmt":"2018-02-09T16:40:30","slug":"tanar-giurgiuvean-depistat-in-trafic-cu-099-mg-l-alcool-pur-in-aerul-expirat","status":"publish","type":"post","link":"https:\/\/www.giurgiuveanul.ro\/stiri\/tanar-giurgiuvean-depistat-in-trafic-cu-099-mg-l-alcool-pur-in-aerul-expirat\/","title":{"rendered":"T\u00e2n\u0103r giurgiuvean, depistat \u00een trafic cu  0,99 mg.\/l. alcool pur \u00een aerul expirat!"},"content":{"rendered":"<p style=\"text-align: justify;\"><strong><a href=\"https:\/\/www.giurgiuveanul.ro\/stiri\/wp-content\/uploads\/2018\/02\/politia-romana.jpg\"><img loading=\"lazy\" decoding=\"async\" class=\"aligncenter size-large wp-image-49637\" src=\"https:\/\/www.giurgiuveanul.ro\/stiri\/wp-content\/uploads\/2018\/02\/politia-romana-560x372.jpg\" alt=\"politia-romana\" width=\"560\" height=\"372\" srcset=\"https:\/\/www.giurgiuveanul.ro\/stiri\/wp-content\/uploads\/2018\/02\/politia-romana-560x372.jpg 560w, https:\/\/www.giurgiuveanul.ro\/stiri\/wp-content\/uploads\/2018\/02\/politia-romana-250x166.jpg 250w, https:\/\/www.giurgiuveanul.ro\/stiri\/wp-content\/uploads\/2018\/02\/politia-romana-400x266.jpg 400w, https:\/\/www.giurgiuveanul.ro\/stiri\/wp-content\/uploads\/2018\/02\/politia-romana.jpg 630w\" sizes=\"auto, (max-width: 560px) 100vw, 560px\" \/><\/a>Un t\u00e2n\u0103r este cercetat de poli\u021bi\u0219tii giurgiuveni dup\u0103 ce a <!--more-->fost depistat conduc\u00e2nd autoturismul pe drumurile publice din municipiul Giurgiu sub influen\u021ba alcoolului.<\/strong><\/p>\n<p style=\"text-align: justify;\">Joi, 8 februarie a.c., \u00een jurul orei 23.20, poli\u021bi\u0219tii din cadrul Biroului Rutier au depistat \u00een trafic un t\u00e2n\u0103r de 28 ani, din municipiul Giurgiu, \u00een timp ce conducea un autoturism, pe \u0219oseaua B\u0103l\u0103noaiei, afl\u00e2ndu-se sub influen\u021ba b\u0103uturilor alcoolice.<\/p>\n<p style=\"text-align: justify;\">Conduc\u0103torul auto a fost testat cu aparatul etilotest, care a indicat o valoare de 0,99 mg.\/l. alcool pur \u00een aerul expirat \u0219i a fost condus la Spitalul Jude\u021bean de Urgen\u021b\u0103 Giurgiu unde i-au fost recoltate probe biologice de s\u00e2nge \u00een vederea stabilirii alcoolemiei.<\/p>\n<p style=\"text-align: justify;\">\u00cen cauz\u0103 a fost \u00eentocmit un dosar penal \u00een care se efectueaz\u0103 cercet\u0103ri sub aspectul s\u0103v\u00e2r\u0219irii infrac\u021biunii de conducerea unui autovehicul pe drumurile publice sub influen\u021ba alcoolului.<\/p>\n","protected":false},"excerpt":{"rendered":"<p>Un t\u00e2n\u0103r este cercetat de poli\u021bi\u0219tii giurgiuveni dup\u0103 ce a<\/p>\n","protected":false},"author":1,"featured_media":0,"comment_status":"open","ping_status":"open","sticky":false,"template":"","format":"standard","meta":{"footnotes":""},"categories":[6],"tags":[],"class_list":["post-49636","post","type-post","status-publish","format-standard","hentry","category-breaking-news"],"_links":{"self":[{"href":"https:\/\/www.giurgiuveanul.ro\/stiri\/wp-json\/wp\/v2\/posts\/49636","targetHints":{"allow":["GET"]}}],"collection":[{"href":"https:\/\/www.giurgiuveanul.ro\/stiri\/wp-json\/wp\/v2\/posts"}],"about":[{"href":"https:\/\/www.giurgiuveanul.ro\/stiri\/wp-json\/wp\/v2\/types\/post"}],"author":[{"embeddable":true,"href":"https:\/\/www.giurgiuveanul.ro\/stiri\/wp-json\/wp\/v2\/users\/1"}],"replies":[{"embeddable":true,"href":"https:\/\/www.giurgiuveanul.ro\/stiri\/wp-json\/wp\/v2\/comments?post=49636"}],"version-history":[{"count":0,"href":"https:\/\/www.giurgiuveanul.ro\/stiri\/wp-json\/wp\/v2\/posts\/49636\/revisions"}],"wp:attachment":[{"href":"https:\/\/www.giurgiuveanul.ro\/stiri\/wp-json\/wp\/v2\/media?parent=49636"}],"wp:term":[{"taxonomy":"category","embeddable":true,"href":"https:\/\/www.giurgiuveanul.ro\/stiri\/wp-json\/wp\/v2\/categories?post=49636"},{"taxonomy":"post_tag","embeddable":true,"href":"https:\/\/www.giurgiuveanul.ro\/stiri\/wp-json\/wp\/v2\/tags?post=49636"}],"curies":[{"name":"wp","href":"https:\/\/api.w.org\/{rel}","templated":true}]}}