{"id":49644,"date":"2018-02-10T09:10:50","date_gmt":"2018-02-10T07:10:50","guid":{"rendered":"https:\/\/www.giurgiuveanul.ro\/stiri\/?p=49644"},"modified":"2018-02-10T09:14:52","modified_gmt":"2018-02-10T07:14:52","slug":"giurgiu-cod-galben","status":"publish","type":"post","link":"https:\/\/www.giurgiuveanul.ro\/stiri\/giurgiu-cod-galben\/","title":{"rendered":"Giurgiu, sub cod GALBEN!"},"content":{"rendered":"<p style=\"text-align: justify;\"><strong><a href=\"https:\/\/www.giurgiuveanul.ro\/stiri\/wp-content\/uploads\/2018\/02\/IMG_8097.jpg\"><img loading=\"lazy\" decoding=\"async\" class=\"aligncenter size-large wp-image-49645\" src=\"https:\/\/www.giurgiuveanul.ro\/stiri\/wp-content\/uploads\/2018\/02\/IMG_8097-560x422.jpg\" alt=\"IMG_8097\" width=\"560\" height=\"422\" srcset=\"https:\/\/www.giurgiuveanul.ro\/stiri\/wp-content\/uploads\/2018\/02\/IMG_8097-560x422.jpg 560w, https:\/\/www.giurgiuveanul.ro\/stiri\/wp-content\/uploads\/2018\/02\/IMG_8097-250x188.jpg 250w, https:\/\/www.giurgiuveanul.ro\/stiri\/wp-content\/uploads\/2018\/02\/IMG_8097-400x302.jpg 400w, https:\/\/www.giurgiuveanul.ro\/stiri\/wp-content\/uploads\/2018\/02\/IMG_8097.jpg 800w\" sizes=\"auto, (max-width: 560px) 100vw, 560px\" \/><\/a>Administra\u0163ia Na\u0163ional\u0103 de Meteorologie (ANM) a emis s\u00e2mb\u0103t\u0103 diminea\u0163a o aten\u0163ionare nowcasting Cod galben de<!--more--> cea\u0163\u0103.<\/strong><\/p>\n<p style=\"text-align: justify;\">Sunt vizate\u00a0\u015fase jude\u0163e din Oltenia \u015fi Muntenia.<\/p>\n<p style=\"text-align: justify;\">Aten\u021bionarea emis\u0103 de ANM este valabil\u0103 \u00een urm\u0103toarele ore.<\/p>\n<p style=\"text-align: justify;\"><strong>Vizibilitate redus\u0103<\/strong><\/p>\n<p style=\"text-align: justify;\">Potrivit meteorologilor, p\u00e2n\u0103 la 10:00, \u00een jude\u0163ele Olt, V\u00e2lcea, Dolj, Teleorman, <strong>Giurgiu<\/strong> \u015fi C\u0103l\u0103ra\u015fi se va semnala cea\u0163\u0103, fenomen care determin\u0103 sc\u0103derea vizibilit\u0103\u0163ii local sub 200 de metri \u015fi, izolat, sub 50 de metri.<\/p>\n<p>Avertiz\u0103rile de fenomene periculoase imediate (nowcasting) se emit pentru o perioad\u0103 de maximum \u015fase ore, precizeaz\u0103 ANM.<\/p>\n","protected":false},"excerpt":{"rendered":"<p>Administra\u0163ia Na\u0163ional\u0103 de Meteorologie (ANM) a emis s\u00e2mb\u0103t\u0103 diminea\u0163a o aten\u0163ionare nowcasting Cod galben de<\/p>\n","protected":false},"author":1,"featured_media":0,"comment_status":"open","ping_status":"open","sticky":false,"template":"","format":"standard","meta":{"footnotes":""},"categories":[6],"tags":[],"class_list":["post-49644","post","type-post","status-publish","format-standard","hentry","category-breaking-news"],"_links":{"self":[{"href":"https:\/\/www.giurgiuveanul.ro\/stiri\/wp-json\/wp\/v2\/posts\/49644","targetHints":{"allow":["GET"]}}],"collection":[{"href":"https:\/\/www.giurgiuveanul.ro\/stiri\/wp-json\/wp\/v2\/posts"}],"about":[{"href":"https:\/\/www.giurgiuveanul.ro\/stiri\/wp-json\/wp\/v2\/types\/post"}],"author":[{"embeddable":true,"href":"https:\/\/www.giurgiuveanul.ro\/stiri\/wp-json\/wp\/v2\/users\/1"}],"replies":[{"embeddable":true,"href":"https:\/\/www.giurgiuveanul.ro\/stiri\/wp-json\/wp\/v2\/comments?post=49644"}],"version-history":[{"count":0,"href":"https:\/\/www.giurgiuveanul.ro\/stiri\/wp-json\/wp\/v2\/posts\/49644\/revisions"}],"wp:attachment":[{"href":"https:\/\/www.giurgiuveanul.ro\/stiri\/wp-json\/wp\/v2\/media?parent=49644"}],"wp:term":[{"taxonomy":"category","embeddable":true,"href":"https:\/\/www.giurgiuveanul.ro\/stiri\/wp-json\/wp\/v2\/categories?post=49644"},{"taxonomy":"post_tag","embeddable":true,"href":"https:\/\/www.giurgiuveanul.ro\/stiri\/wp-json\/wp\/v2\/tags?post=49644"}],"curies":[{"name":"wp","href":"https:\/\/api.w.org\/{rel}","templated":true}]}}