{"id":49653,"date":"2018-02-10T10:33:18","date_gmt":"2018-02-10T08:33:18","guid":{"rendered":"https:\/\/www.giurgiuveanul.ro\/stiri\/?p=49653"},"modified":"2018-02-10T12:38:07","modified_gmt":"2018-02-10T10:38:07","slug":"ajutor-hai-sa-salvam-viata-lui-ionut-adrian-bucur-giurgiuvean-de-doar-20-de-ani-doneaza-sange-si-orice-suma-de-bani-uite-cum-unde-si-cand-poti-face-distribuie","status":"publish","type":"post","link":"https:\/\/www.giurgiuveanul.ro\/stiri\/ajutor-hai-sa-salvam-viata-lui-ionut-adrian-bucur-giurgiuvean-de-doar-20-de-ani-doneaza-sange-si-orice-suma-de-bani-uite-cum-unde-si-cand-poti-face-distribuie\/","title":{"rendered":"AJUTOR! Hai s\u0103 salv\u0103m via\u0163a lui Ionu\u0163 Adrian Bucur, un giurgiuvean de doar 20 de ani! Doneaz\u0103 s\u00e2nge! Uite cum, unde \u015fi c\u00e2nd o po\u0163i face! DISTRIBUIE!"},"content":{"rendered":"<p style=\"text-align: justify;\"><a href=\"https:\/\/www.giurgiuveanul.ro\/stiri\/wp-content\/uploads\/2018\/02\/Ionut-Adrian-Bucur-Giurgiuveanul.jpg\"><img loading=\"lazy\" decoding=\"async\" class=\"aligncenter size-large wp-image-49654\" src=\"https:\/\/www.giurgiuveanul.ro\/stiri\/wp-content\/uploads\/2018\/02\/Ionut-Adrian-Bucur-Giurgiuveanul-318x450.jpg\" alt=\"Ionut Adrian Bucur Giurgiuveanul\" width=\"318\" height=\"450\" srcset=\"https:\/\/www.giurgiuveanul.ro\/stiri\/wp-content\/uploads\/2018\/02\/Ionut-Adrian-Bucur-Giurgiuveanul-318x450.jpg 318w, https:\/\/www.giurgiuveanul.ro\/stiri\/wp-content\/uploads\/2018\/02\/Ionut-Adrian-Bucur-Giurgiuveanul-212x300.jpg 212w, https:\/\/www.giurgiuveanul.ro\/stiri\/wp-content\/uploads\/2018\/02\/Ionut-Adrian-Bucur-Giurgiuveanul-400x565.jpg 400w, https:\/\/www.giurgiuveanul.ro\/stiri\/wp-content\/uploads\/2018\/02\/Ionut-Adrian-Bucur-Giurgiuveanul.jpg 566w\" sizes=\"auto, (max-width: 318px) 100vw, 318px\" \/><\/a><strong>Ionu\u0163 Adrian Bucur<\/strong> este <!--more-->una dintre victimele accidentului rutier grav, produs la Daia, despre care noi am scris. El a fost total nevinovat, fiind pasager \u00een autoturismul care a intrat \u00eentr-un cap de pod. Singura lui \u201evin\u0103\u201d a fost aceea c\u0103 <em>s-a aflat \u00een locul nepotrivit, la momentul nepotrivit&#8230;<\/em><\/p>\n<p style=\"text-align: justify;\"><a href=\"https:\/\/www.giurgiuveanul.ro\/stiri\/wp-content\/uploads\/2018\/02\/27781187_762503177283050_1821546961_n.jpg\"><img loading=\"lazy\" decoding=\"async\" class=\"aligncenter size-large wp-image-49591\" src=\"https:\/\/www.giurgiuveanul.ro\/stiri\/wp-content\/uploads\/2018\/02\/27781187_762503177283050_1821546961_n-560x420.jpg\" alt=\"27781187_762503177283050_1821546961_n\" width=\"560\" height=\"420\" srcset=\"https:\/\/www.giurgiuveanul.ro\/stiri\/wp-content\/uploads\/2018\/02\/27781187_762503177283050_1821546961_n-560x420.jpg 560w, https:\/\/www.giurgiuveanul.ro\/stiri\/wp-content\/uploads\/2018\/02\/27781187_762503177283050_1821546961_n-250x188.jpg 250w, https:\/\/www.giurgiuveanul.ro\/stiri\/wp-content\/uploads\/2018\/02\/27781187_762503177283050_1821546961_n-400x300.jpg 400w, https:\/\/www.giurgiuveanul.ro\/stiri\/wp-content\/uploads\/2018\/02\/27781187_762503177283050_1821546961_n.jpg 960w\" sizes=\"auto, (max-width: 560px) 100vw, 560px\" \/><\/a><\/p>\n<p style=\"text-align: justify;\">El trebuie s\u0103 fie urgent operat.<\/p>\n<p style=\"text-align: justify;\">Dac\u0103 ave\u0163i posibilitatea s\u0103 dona\u0163i s\u00e2nge, v\u0103 rug\u0103m s\u0103 o face\u0163i la <strong>Spitalul \u201eBagdasar Arseni\u201d<\/strong> \u2013 sec\u0163ia Neurochirurgie \u015fi la <strong>Spitalul Militar<\/strong>, <strong>luni <\/strong>\u015fi <strong>mar\u0163i<\/strong> p\u00e2n\u0103 \u00een ora 10.00, la <strong>Bucure\u015fti<\/strong>.<\/p>\n<p style=\"text-align: justify;\">Prietenii lui Ionu\u0163 Adrian Bucur au pus la dispozi\u0163ie dou\u0103 ma\u015fini. Detalii la telefon<strong> 0760.964.466<\/strong> &#8211; \u0218ERBAN!<\/p>\n<p style=\"text-align: justify;\">V\u0103 rug\u0103m s\u0103 specifica\u0163i c\u0103 vre\u0163i s\u0103 face\u0163i dona\u0163ia de s\u00e2nge pentru Ionu\u0163 Adrian Bucur. Este nevoie urgent\u0103 de s\u00e2nge.<\/p>\n<p style=\"text-align: justify;\">El\u00a0are grupa <strong>A2<\/strong> dar pute\u021bi dona indiferent de grup\u0103.<span class=\"text_exposed_show\"><br \/>\n<\/span><\/p>\n<p style=\"text-align: justify;\">Pentru a putea intra \u00een opera\u0163ie, Ionu\u0163 Adrian Bucur are nevoie urgent\u0103 de s\u00e2nge dar \u015fi de bani.<\/p>\n<p style=\"text-align: justify;\">Deocamdata nu exist\u0103 un cont personal al lui Ionu\u0163 Adrian Bucur. Vom reveni cu am\u0103nunte \u00een aceast\u0103 situa\u0163ie.<\/p>\n<p style=\"text-align: justify;\">\u015etim c\u0103 sunte\u0163i solidari cu semenii afla\u0163i \u00een suferin\u0163\u0103, dragi giurgiuveni, \u015fi a\u0163i demonstrat acest lucru de mai multe ori&#8230; v\u0103 mul\u0163umim c\u0103 sunte\u0163i at\u00e2t de buni!<\/p>\n","protected":false},"excerpt":{"rendered":"<p>Ionu\u0163 Adrian Bucur este<\/p>\n","protected":false},"author":1,"featured_media":0,"comment_status":"open","ping_status":"open","sticky":false,"template":"","format":"standard","meta":{"footnotes":""},"categories":[6],"tags":[],"class_list":["post-49653","post","type-post","status-publish","format-standard","hentry","category-breaking-news"],"_links":{"self":[{"href":"https:\/\/www.giurgiuveanul.ro\/stiri\/wp-json\/wp\/v2\/posts\/49653","targetHints":{"allow":["GET"]}}],"collection":[{"href":"https:\/\/www.giurgiuveanul.ro\/stiri\/wp-json\/wp\/v2\/posts"}],"about":[{"href":"https:\/\/www.giurgiuveanul.ro\/stiri\/wp-json\/wp\/v2\/types\/post"}],"author":[{"embeddable":true,"href":"https:\/\/www.giurgiuveanul.ro\/stiri\/wp-json\/wp\/v2\/users\/1"}],"replies":[{"embeddable":true,"href":"https:\/\/www.giurgiuveanul.ro\/stiri\/wp-json\/wp\/v2\/comments?post=49653"}],"version-history":[{"count":0,"href":"https:\/\/www.giurgiuveanul.ro\/stiri\/wp-json\/wp\/v2\/posts\/49653\/revisions"}],"wp:attachment":[{"href":"https:\/\/www.giurgiuveanul.ro\/stiri\/wp-json\/wp\/v2\/media?parent=49653"}],"wp:term":[{"taxonomy":"category","embeddable":true,"href":"https:\/\/www.giurgiuveanul.ro\/stiri\/wp-json\/wp\/v2\/categories?post=49653"},{"taxonomy":"post_tag","embeddable":true,"href":"https:\/\/www.giurgiuveanul.ro\/stiri\/wp-json\/wp\/v2\/tags?post=49653"}],"curies":[{"name":"wp","href":"https:\/\/api.w.org\/{rel}","templated":true}]}}