{"id":49679,"date":"2018-02-11T18:16:48","date_gmt":"2018-02-11T16:16:48","guid":{"rendered":"https:\/\/www.giurgiuveanul.ro\/stiri\/?p=49679"},"modified":"2018-02-12T08:50:06","modified_gmt":"2018-02-12T06:50:06","slug":"important-cinci-autotursim-puse-la-dispozita-celor-care-vor-sa-doneze-sange-pentru-ionut-adrian-bucur-distribuie","status":"publish","type":"post","link":"https:\/\/www.giurgiuveanul.ro\/stiri\/important-cinci-autotursim-puse-la-dispozita-celor-care-vor-sa-doneze-sange-pentru-ionut-adrian-bucur-distribuie\/","title":{"rendered":"IMPORTANT! Cei care vor s\u0103 doneze s\u00e2nge pentru Ionu\u0163 Adrian Bucur o pot face la Giurgiu, \u00een Policlinic\u0103, la Centrul de Transfuzie Sanguin\u0103! DISTRIBUIE!"},"content":{"rendered":"<p style=\"text-align: justify;\"><a href=\"https:\/\/www.giurgiuveanul.ro\/stiri\/wp-content\/uploads\/2018\/02\/Ionut-Adrian-Bucur-Giurgiuveanul.jpg\"><img loading=\"lazy\" decoding=\"async\" class=\"aligncenter size-large wp-image-49654\" src=\"https:\/\/www.giurgiuveanul.ro\/stiri\/wp-content\/uploads\/2018\/02\/Ionut-Adrian-Bucur-Giurgiuveanul-318x450.jpg\" alt=\"Ionut Adrian Bucur Giurgiuveanul\" width=\"318\" height=\"450\" srcset=\"https:\/\/www.giurgiuveanul.ro\/stiri\/wp-content\/uploads\/2018\/02\/Ionut-Adrian-Bucur-Giurgiuveanul-318x450.jpg 318w, https:\/\/www.giurgiuveanul.ro\/stiri\/wp-content\/uploads\/2018\/02\/Ionut-Adrian-Bucur-Giurgiuveanul-212x300.jpg 212w, https:\/\/www.giurgiuveanul.ro\/stiri\/wp-content\/uploads\/2018\/02\/Ionut-Adrian-Bucur-Giurgiuveanul-400x565.jpg 400w, https:\/\/www.giurgiuveanul.ro\/stiri\/wp-content\/uploads\/2018\/02\/Ionut-Adrian-Bucur-Giurgiuveanul.jpg 566w\" sizes=\"auto, (max-width: 318px) 100vw, 318px\" \/><\/a>Cei care doresc s\u0103 doneze s\u00e2nge, m\u00e2ine, luni, 12 februarie 2018, pentru Ionu\u0163 Bucur Adrian, o pot face la Giurgiu, \u00een Policlinica Jude\u0163ean\u0103, la Centrul<!--more--> de Transfuzie Sanguin\u0103!<\/p>\n<p style=\"text-align: justify;\">A\u015fadar, nu mai este nevoie de deplasare la Bucure\u015fti!<\/p>\n<p style=\"text-align: justify;\"><a href=\"https:\/\/www.giurgiuveanul.ro\/stiri\/wp-content\/uploads\/2018\/02\/27867491_1581772001941856_5655406968316789011_n.jpg\"><br \/>\n<\/a><\/p>\n","protected":false},"excerpt":{"rendered":"<p>Cei care doresc s\u0103 doneze s\u00e2nge, m\u00e2ine, luni, 12 februarie 2018, pentru Ionu\u0163 Bucur Adrian, o pot face la Giurgiu, \u00een Policlinica Jude\u0163ean\u0103, la Centrul<\/p>\n","protected":false},"author":1,"featured_media":0,"comment_status":"open","ping_status":"open","sticky":false,"template":"","format":"standard","meta":{"footnotes":""},"categories":[6],"tags":[],"class_list":["post-49679","post","type-post","status-publish","format-standard","hentry","category-breaking-news"],"_links":{"self":[{"href":"https:\/\/www.giurgiuveanul.ro\/stiri\/wp-json\/wp\/v2\/posts\/49679","targetHints":{"allow":["GET"]}}],"collection":[{"href":"https:\/\/www.giurgiuveanul.ro\/stiri\/wp-json\/wp\/v2\/posts"}],"about":[{"href":"https:\/\/www.giurgiuveanul.ro\/stiri\/wp-json\/wp\/v2\/types\/post"}],"author":[{"embeddable":true,"href":"https:\/\/www.giurgiuveanul.ro\/stiri\/wp-json\/wp\/v2\/users\/1"}],"replies":[{"embeddable":true,"href":"https:\/\/www.giurgiuveanul.ro\/stiri\/wp-json\/wp\/v2\/comments?post=49679"}],"version-history":[{"count":0,"href":"https:\/\/www.giurgiuveanul.ro\/stiri\/wp-json\/wp\/v2\/posts\/49679\/revisions"}],"wp:attachment":[{"href":"https:\/\/www.giurgiuveanul.ro\/stiri\/wp-json\/wp\/v2\/media?parent=49679"}],"wp:term":[{"taxonomy":"category","embeddable":true,"href":"https:\/\/www.giurgiuveanul.ro\/stiri\/wp-json\/wp\/v2\/categories?post=49679"},{"taxonomy":"post_tag","embeddable":true,"href":"https:\/\/www.giurgiuveanul.ro\/stiri\/wp-json\/wp\/v2\/tags?post=49679"}],"curies":[{"name":"wp","href":"https:\/\/api.w.org\/{rel}","templated":true}]}}