{"id":49699,"date":"2018-02-12T12:08:52","date_gmt":"2018-02-12T10:08:52","guid":{"rendered":"https:\/\/www.giurgiuveanul.ro\/stiri\/?p=49699"},"modified":"2018-02-12T12:08:59","modified_gmt":"2018-02-12T10:08:59","slug":"inceput-bacalaureatul-peste-1400-de-candidati-la-giurgiu","status":"publish","type":"post","link":"https:\/\/www.giurgiuveanul.ro\/stiri\/inceput-bacalaureatul-peste-1400-de-candidati-la-giurgiu\/","title":{"rendered":"A \u00eenceput bacalaureatul! Peste 1.400 de candida\u021bi, la Giurgiu"},"content":{"rendered":"<p id=\"yui_3_16_0_ym19_1_1518429702775_2919\" dir=\"ltr\" style=\"text-align: justify;\"><strong><a href=\"https:\/\/www.giurgiuveanul.ro\/stiri\/wp-content\/uploads\/2018\/02\/Bac-2013.png\"><img loading=\"lazy\" decoding=\"async\" class=\"aligncenter size-large wp-image-49700\" src=\"https:\/\/www.giurgiuveanul.ro\/stiri\/wp-content\/uploads\/2018\/02\/Bac-2013-560x230.png\" alt=\"Bac-2013\" width=\"560\" height=\"230\" srcset=\"https:\/\/www.giurgiuveanul.ro\/stiri\/wp-content\/uploads\/2018\/02\/Bac-2013-560x230.png 560w, https:\/\/www.giurgiuveanul.ro\/stiri\/wp-content\/uploads\/2018\/02\/Bac-2013-250x103.png 250w, https:\/\/www.giurgiuveanul.ro\/stiri\/wp-content\/uploads\/2018\/02\/Bac-2013-400x164.png 400w, https:\/\/www.giurgiuveanul.ro\/stiri\/wp-content\/uploads\/2018\/02\/Bac-2013.png 1248w\" sizes=\"auto, (max-width: 560px) 100vw, 560px\" \/><\/a>Prima sesiune a examenului na\u0163ional de bacalaureat 2018 debuteaz\u0103 ast\u0103zi cu proba<!--more--> de evaluare a competen\u0163elor de comunicare oral\u0103 \u00een limba rom\u00e2n\u0103.<\/strong><\/p>\n<div id=\"yui_3_16_0_ym19_1_1518429702775_2799\" dir=\"ltr\" style=\"text-align: justify;\">Potrivit calendarului aprobat de Ministerul Educa\u0163iei, aceast\u0103 prob\u0103 se desf\u0103\u015foar\u0103 \u015fi m\u00e2ine, 13 februarie, iar \u00een zilele de 16, 19 \u015fi 20 februarie este programat\u0103 evaluarea competen\u0163elor digitale. \u00cen perioada 21-22 februarie se va desf\u0103\u015fura ultima prob\u0103 oral\u0103, cea de evaluarea competen\u0163elor lingvistice \u00eentr-o limb\u0103 de circula\u0163ie interna\u0163ional\u0103 studiat\u0103 pe parcursul \u00eenv\u0103\u0163\u0103m\u00e2ntului liceal. Reamintim faptul c\u0103 pentru a fi declarat promovat un absolvent de liceu trebuie s\u0103 participe la toate probele de evaluare a competen\u0163elor, altfel, el nu va avea dreptul de a sus\u0163ine examenele scrise din luna iunie.<\/div>\n<div id=\"yui_3_16_0_ym19_1_1518429702775_2829\" dir=\"ltr\" style=\"text-align: justify;\"><\/div>\n<div id=\"yui_3_16_0_ym19_1_1518429702775_2848\" dir=\"ltr\" style=\"text-align: justify;\">Elevii prin\u015fi c\u0103 au \u00eencercat s\u0103 copieze sau c\u0103 au copiat sunt elimina\u0163i din examen.<\/div>\n<div dir=\"ltr\" style=\"text-align: justify;\">Potrivit metodologiei de organizare \u015fi desf\u0103\u015furare a examenului de bacalaureat, candida\u0163ii nu au voie s\u0103 aib\u0103 asupra lor, \u00een \u00eembr\u0103c\u0103minte, \u00een \u00eenc\u0103l\u0163\u0103minte, \u00een penare sau \u00een b\u0103nci, manuale, dic\u0163ionare, noti\u0163e, \u00eensemn\u0103ri \u015f.a., care ar putea fi utilizate pentru rezolvarea subiectelor. De asemenea, elevii nu au voie cu telefoane mobile sau cu orice mijloc electronic de calcul\/comunicare. Elevii sunt obliga\u0163i s\u0103 \u00ee\u015fi lase obiectele interzise \u00een sala de depozitare a obiectelor personale.<\/div>\n<div id=\"yui_3_16_0_ym19_1_1518429702775_2918\" dir=\"ltr\" style=\"text-align: justify;\">Li se interzice candida\u0163ilor s\u0103 comunice \u00eentre ei sau cu exteriorul, s\u0103 transmit\u0103 ori s\u0103 schimbe \u00eentre ei foi din lucrare, ciorne, noti\u0163e sau alte materiale care ar putea fi utilizate pentru rezolvarea subiectelor, pentru comunicare \u00een interior sau cu exteriorul.<\/div>\n<div id=\"yui_3_16_0_ym19_1_1518429702775_2906\" dir=\"ltr\" style=\"text-align: justify;\">Cei care \u00eencalc\u0103 aceste reguli vor fi elimina\u0163i din examen, indiferent dac\u0103 materialele\/obiectele interzise au fost folosite sau nu, indiferent dac\u0103 au fost introduse de ace\u015ftia ori de al\u0163i candida\u0163i, de cadre didactice din comisie sau de alte persoane \u015fi indiferent dac\u0103 ei au primit ori au transmis materialele interzise. Mai mult, candida\u0163i nu mai au dreptul de a participa la urm\u0103toarele dou\u0103 sesiuni ale examenului de Bacalaureat.<\/div>\n","protected":false},"excerpt":{"rendered":"<p>Prima sesiune a examenului na\u0163ional de bacalaureat 2018 debuteaz\u0103 ast\u0103zi cu proba<\/p>\n","protected":false},"author":1,"featured_media":0,"comment_status":"open","ping_status":"open","sticky":false,"template":"","format":"standard","meta":{"footnotes":""},"categories":[6],"tags":[],"class_list":["post-49699","post","type-post","status-publish","format-standard","hentry","category-breaking-news"],"_links":{"self":[{"href":"https:\/\/www.giurgiuveanul.ro\/stiri\/wp-json\/wp\/v2\/posts\/49699","targetHints":{"allow":["GET"]}}],"collection":[{"href":"https:\/\/www.giurgiuveanul.ro\/stiri\/wp-json\/wp\/v2\/posts"}],"about":[{"href":"https:\/\/www.giurgiuveanul.ro\/stiri\/wp-json\/wp\/v2\/types\/post"}],"author":[{"embeddable":true,"href":"https:\/\/www.giurgiuveanul.ro\/stiri\/wp-json\/wp\/v2\/users\/1"}],"replies":[{"embeddable":true,"href":"https:\/\/www.giurgiuveanul.ro\/stiri\/wp-json\/wp\/v2\/comments?post=49699"}],"version-history":[{"count":0,"href":"https:\/\/www.giurgiuveanul.ro\/stiri\/wp-json\/wp\/v2\/posts\/49699\/revisions"}],"wp:attachment":[{"href":"https:\/\/www.giurgiuveanul.ro\/stiri\/wp-json\/wp\/v2\/media?parent=49699"}],"wp:term":[{"taxonomy":"category","embeddable":true,"href":"https:\/\/www.giurgiuveanul.ro\/stiri\/wp-json\/wp\/v2\/categories?post=49699"},{"taxonomy":"post_tag","embeddable":true,"href":"https:\/\/www.giurgiuveanul.ro\/stiri\/wp-json\/wp\/v2\/tags?post=49699"}],"curies":[{"name":"wp","href":"https:\/\/api.w.org\/{rel}","templated":true}]}}