{"id":49731,"date":"2018-02-13T19:26:39","date_gmt":"2018-02-13T17:26:39","guid":{"rendered":"https:\/\/www.giurgiuveanul.ro\/stiri\/?p=49731"},"modified":"2018-02-13T19:26:39","modified_gmt":"2018-02-13T17:26:39","slug":"cum-va-fi-vremea-de-ziua-indragostitilor","status":"publish","type":"post","link":"https:\/\/www.giurgiuveanul.ro\/stiri\/cum-va-fi-vremea-de-ziua-indragostitilor\/","title":{"rendered":"Cum va fi vremea de \u201eZiua \u00cendr\u0103gosti\u0163ilor\u201d"},"content":{"rendered":"<p style=\"text-align: justify;\"><strong><a href=\"https:\/\/www.giurgiuveanul.ro\/stiri\/wp-content\/uploads\/2018\/02\/images_cms-image-000021945.jpg\"><img loading=\"lazy\" decoding=\"async\" class=\"aligncenter size-large wp-image-49732\" src=\"https:\/\/www.giurgiuveanul.ro\/stiri\/wp-content\/uploads\/2018\/02\/images_cms-image-000021945-560x315.jpg\" alt=\"images_cms-image-000021945\" width=\"560\" height=\"315\" srcset=\"https:\/\/www.giurgiuveanul.ro\/stiri\/wp-content\/uploads\/2018\/02\/images_cms-image-000021945-560x315.jpg 560w, https:\/\/www.giurgiuveanul.ro\/stiri\/wp-content\/uploads\/2018\/02\/images_cms-image-000021945-250x141.jpg 250w, https:\/\/www.giurgiuveanul.ro\/stiri\/wp-content\/uploads\/2018\/02\/images_cms-image-000021945-400x225.jpg 400w, https:\/\/www.giurgiuveanul.ro\/stiri\/wp-content\/uploads\/2018\/02\/images_cms-image-000021945.jpg 758w\" sizes=\"auto, (max-width: 560px) 100vw, 560px\" \/><\/a>ANM a dat publicit\u0103\u021bii prognoza meteo pentru miercuri, aceasta indic\u00e2nd c\u0103 pe 14 februarie <!--more-->vor c\u0103dea ninsori iar vremea va r\u0103m\u00e2ne predominant \u00eenchis\u0103.<\/strong><\/p>\n<p style=\"text-align: justify;\">Vremea va deveni predominant \u00eenchis\u0103. \u00cen cursul zilei se vor semnala precipita\u0163ii \u00een general slabe, mai ales sub form\u0103 de ploaie \u00een vestul \u015fi sud-vestul \u0163\u0103rii \u015fi sub form\u0103 de lapovi\u0163\u0103 \u015fi ninsoare pe spa\u0163ii mici la munte.<\/p>\n<p style=\"text-align: justify;\">Noaptea, acestea se vor extinde treptat astfel \u00eenc\u00e2t vor fi precipita\u0163ii mixte \u00een Banat, Oltenia, cea mai mare parte a Munteniei, sudul Moldovei \u015fi izolat \u00een Dobrogea, iar la munte \u015fi local \u00een celelalte regiuni vor predomina ninsorile.<\/p>\n<p style=\"text-align: justify;\">Vor fi condi\u0163ii de polei sau de ghe\u0163u\u015f. Cantit\u0103\u0163ile de ap\u0103 vor totaliza 10\u202615 l\/mp \u00eendeosebi \u00een sud-vestul teritoriului \u015fi \u00een zonele montane aferente, unde se va depune strat nou de z\u0103pad\u0103. V\u00e2ntul va sufla slab \u015fi moderat, cu intensific\u0103ri pe crestele montane \u00eenalte, \u00een special ale Carpa\u0163ilor Meridionali, dar \u00een a doua parte a intervalului vor fi intensific\u0103ri \u015fi \u00een sudul \u015fi centrul \u0163\u0103rii, \u00eens\u0103 la cote mai reduse.<\/p>\n<p style=\"text-align: justify;\">Temperaturile maxime vor fi cuprinse \u00eentre 0 \u015fi 9 grade, iar cele minime se vor situa, \u00een general, \u00eentre -6 \u015fi 2 grade.<\/p>\n<p style=\"text-align: justify;\">Diminea\u0163a, izolat, se va semnala cea\u0163\u0103, mai ales \u00een regiunile sudice.<\/p>\n","protected":false},"excerpt":{"rendered":"<p>ANM a dat publicit\u0103\u021bii prognoza meteo pentru miercuri, aceasta indic\u00e2nd c\u0103 pe 14 februarie<\/p>\n","protected":false},"author":1,"featured_media":0,"comment_status":"open","ping_status":"open","sticky":false,"template":"","format":"standard","meta":{"footnotes":""},"categories":[6],"tags":[],"class_list":["post-49731","post","type-post","status-publish","format-standard","hentry","category-breaking-news"],"_links":{"self":[{"href":"https:\/\/www.giurgiuveanul.ro\/stiri\/wp-json\/wp\/v2\/posts\/49731","targetHints":{"allow":["GET"]}}],"collection":[{"href":"https:\/\/www.giurgiuveanul.ro\/stiri\/wp-json\/wp\/v2\/posts"}],"about":[{"href":"https:\/\/www.giurgiuveanul.ro\/stiri\/wp-json\/wp\/v2\/types\/post"}],"author":[{"embeddable":true,"href":"https:\/\/www.giurgiuveanul.ro\/stiri\/wp-json\/wp\/v2\/users\/1"}],"replies":[{"embeddable":true,"href":"https:\/\/www.giurgiuveanul.ro\/stiri\/wp-json\/wp\/v2\/comments?post=49731"}],"version-history":[{"count":0,"href":"https:\/\/www.giurgiuveanul.ro\/stiri\/wp-json\/wp\/v2\/posts\/49731\/revisions"}],"wp:attachment":[{"href":"https:\/\/www.giurgiuveanul.ro\/stiri\/wp-json\/wp\/v2\/media?parent=49731"}],"wp:term":[{"taxonomy":"category","embeddable":true,"href":"https:\/\/www.giurgiuveanul.ro\/stiri\/wp-json\/wp\/v2\/categories?post=49731"},{"taxonomy":"post_tag","embeddable":true,"href":"https:\/\/www.giurgiuveanul.ro\/stiri\/wp-json\/wp\/v2\/tags?post=49731"}],"curies":[{"name":"wp","href":"https:\/\/api.w.org\/{rel}","templated":true}]}}