{"id":49734,"date":"2018-02-13T19:39:54","date_gmt":"2018-02-13T17:39:54","guid":{"rendered":"https:\/\/www.giurgiuveanul.ro\/stiri\/?p=49734"},"modified":"2018-02-13T19:40:04","modified_gmt":"2018-02-13T17:40:04","slug":"ce-credeti-ca-furat-tanar-giurgiuvean-din-magazin-lubrifiant-gel-de-par-si-set-becuri-de-foame-nu","status":"publish","type":"post","link":"https:\/\/www.giurgiuveanul.ro\/stiri\/ce-credeti-ca-furat-tanar-giurgiuvean-din-magazin-lubrifiant-gel-de-par-si-set-becuri-de-foame-nu\/","title":{"rendered":"Ce crede\u0163i ca a furat un t\u00e2n\u0103r giurgiuvean din magazin?"},"content":{"rendered":"<p style=\"text-align: justify;\"><strong><a href=\"https:\/\/www.giurgiuveanul.ro\/stiri\/wp-content\/uploads\/2018\/02\/DDOS.jpg\"><img loading=\"lazy\" decoding=\"async\" class=\"aligncenter size-large wp-image-49735\" src=\"https:\/\/www.giurgiuveanul.ro\/stiri\/wp-content\/uploads\/2018\/02\/DDOS-560x385.jpg\" alt=\"DDOS\" width=\"560\" height=\"385\" srcset=\"https:\/\/www.giurgiuveanul.ro\/stiri\/wp-content\/uploads\/2018\/02\/DDOS-560x385.jpg 560w, https:\/\/www.giurgiuveanul.ro\/stiri\/wp-content\/uploads\/2018\/02\/DDOS-250x172.jpg 250w, https:\/\/www.giurgiuveanul.ro\/stiri\/wp-content\/uploads\/2018\/02\/DDOS-400x275.jpg 400w, https:\/\/www.giurgiuveanul.ro\/stiri\/wp-content\/uploads\/2018\/02\/DDOS.jpg 650w\" sizes=\"auto, (max-width: 560px) 100vw, 560px\" \/><\/a>Un t\u00e2n\u0103r, de 23 ani,<!--more--> este cercetat de poli\u021bi\u0219ti dup\u0103 ce a fost prins \u00een flagrant sustr\u0103g\u00e2nd mai multe bunuri nealimentare dintr-o societate comercial\u0103.<\/strong><\/p>\n<p style=\"text-align: justify;\">Poli\u021bi\u0219tii Biroului Ordine Public\u0103 pentru Mediul Urban de la Poli\u021bia Municipiului Giurgiu efectueaz\u0103 cercet\u0103ri fa\u021b\u0103 de un t\u00e2n\u0103r de 23 ani, din comuna Toporu, care a fost surprins luni, 12 februarie a.c., \u00een jurul orei 20.45, \u00een timp ce sustr\u0103gea mai multe produse<strong> (lubrifiant, gel de p\u0103r, set becuri)<\/strong> din incinta magazinului unei societ\u0103\u021bii comerciale.<\/p>\n<p style=\"text-align: justify;\">Prejudiciul cauzat, \u00een valoare de 57,16 lei, a fost recuperat \u00een totalitate \u0219i predat reprezentantului societ\u0103\u021bii comerciale.<\/p>\n<p style=\"text-align: justify;\">Poli\u021bi\u0219tii au \u00eentocmit \u00een cauz\u0103 un dosar penal \u00een care continu\u0103 cercet\u0103rile sub aspectul s\u0103v\u00e2r\u0219irii infrac\u021biunii de furt.<\/p>\n","protected":false},"excerpt":{"rendered":"<p>Un t\u00e2n\u0103r, de 23 ani,<\/p>\n","protected":false},"author":1,"featured_media":0,"comment_status":"open","ping_status":"open","sticky":false,"template":"","format":"standard","meta":{"footnotes":""},"categories":[6],"tags":[],"class_list":["post-49734","post","type-post","status-publish","format-standard","hentry","category-breaking-news"],"_links":{"self":[{"href":"https:\/\/www.giurgiuveanul.ro\/stiri\/wp-json\/wp\/v2\/posts\/49734","targetHints":{"allow":["GET"]}}],"collection":[{"href":"https:\/\/www.giurgiuveanul.ro\/stiri\/wp-json\/wp\/v2\/posts"}],"about":[{"href":"https:\/\/www.giurgiuveanul.ro\/stiri\/wp-json\/wp\/v2\/types\/post"}],"author":[{"embeddable":true,"href":"https:\/\/www.giurgiuveanul.ro\/stiri\/wp-json\/wp\/v2\/users\/1"}],"replies":[{"embeddable":true,"href":"https:\/\/www.giurgiuveanul.ro\/stiri\/wp-json\/wp\/v2\/comments?post=49734"}],"version-history":[{"count":0,"href":"https:\/\/www.giurgiuveanul.ro\/stiri\/wp-json\/wp\/v2\/posts\/49734\/revisions"}],"wp:attachment":[{"href":"https:\/\/www.giurgiuveanul.ro\/stiri\/wp-json\/wp\/v2\/media?parent=49734"}],"wp:term":[{"taxonomy":"category","embeddable":true,"href":"https:\/\/www.giurgiuveanul.ro\/stiri\/wp-json\/wp\/v2\/categories?post=49734"},{"taxonomy":"post_tag","embeddable":true,"href":"https:\/\/www.giurgiuveanul.ro\/stiri\/wp-json\/wp\/v2\/tags?post=49734"}],"curies":[{"name":"wp","href":"https:\/\/api.w.org\/{rel}","templated":true}]}}