{"id":49742,"date":"2018-02-14T09:42:51","date_gmt":"2018-02-14T07:42:51","guid":{"rendered":"https:\/\/www.giurgiuveanul.ro\/stiri\/?p=49742"},"modified":"2018-02-14T09:42:51","modified_gmt":"2018-02-14T07:42:51","slug":"anunt-important-cununiile-de-ziua-indragostitilor-nu-se-vor-mai-celebra-in-parcul-alei","status":"publish","type":"post","link":"https:\/\/www.giurgiuveanul.ro\/stiri\/anunt-important-cununiile-de-ziua-indragostitilor-nu-se-vor-mai-celebra-in-parcul-alei\/","title":{"rendered":"ANUN\u0162 IMPORTANT! Cununiile de \u201eZiua \u00cendr\u0103gosti\u0163ilor\u201d nu se vor mai celebra \u00een Parcul Alei!"},"content":{"rendered":"<p style=\"text-align: justify;\"><a href=\"https:\/\/www.giurgiuveanul.ro\/stiri\/wp-content\/uploads\/2018\/02\/1293511565_88cc7ba653916370-large.jpg\"><img loading=\"lazy\" decoding=\"async\" class=\"aligncenter size-large wp-image-49743\" src=\"https:\/\/www.giurgiuveanul.ro\/stiri\/wp-content\/uploads\/2018\/02\/1293511565_88cc7ba653916370-large-498x450.jpg\" alt=\"1293511565_88cc7ba653916370-large\" width=\"498\" height=\"450\" srcset=\"https:\/\/www.giurgiuveanul.ro\/stiri\/wp-content\/uploads\/2018\/02\/1293511565_88cc7ba653916370-large-498x450.jpg 498w, https:\/\/www.giurgiuveanul.ro\/stiri\/wp-content\/uploads\/2018\/02\/1293511565_88cc7ba653916370-large-250x226.jpg 250w, https:\/\/www.giurgiuveanul.ro\/stiri\/wp-content\/uploads\/2018\/02\/1293511565_88cc7ba653916370-large-400x361.jpg 400w, https:\/\/www.giurgiuveanul.ro\/stiri\/wp-content\/uploads\/2018\/02\/1293511565_88cc7ba653916370-large.jpg 829w\" sizes=\"auto, (max-width: 498px) 100vw, 498px\" \/><\/a>Cununiile de \u201eZiua \u00cendr\u0103gosti\u0163ilor\u201d, organizate ast\u0103zi, 14 februarie 2018, \u00een locul special amenajat din Parcul Alei, se vor oficia, <strong>la ora 12:00<\/strong>, <!--more-->\u00een<strong> sala de cununii din cadrul Prim\u0103riei municipiului Giurgiu<\/strong>.<\/p>\n<p style=\"text-align: justify;\">Anun\u0163ul a fost f\u0103cut de un reprezentant al Prim\u0103riei Municipiului Giurgiu.<\/p>\n<p style=\"text-align: justify;\">A\u015fadar, ne \u00eent\u00e2lnim la Prim\u0103rie!<\/p>\n","protected":false},"excerpt":{"rendered":"<p>Cununiile de \u201eZiua \u00cendr\u0103gosti\u0163ilor\u201d, organizate ast\u0103zi, 14 februarie 2018, \u00een locul special amenajat din Parcul Alei, se vor oficia, la ora 12:00,<\/p>\n","protected":false},"author":1,"featured_media":0,"comment_status":"open","ping_status":"open","sticky":false,"template":"","format":"standard","meta":{"footnotes":""},"categories":[6],"tags":[],"class_list":["post-49742","post","type-post","status-publish","format-standard","hentry","category-breaking-news"],"_links":{"self":[{"href":"https:\/\/www.giurgiuveanul.ro\/stiri\/wp-json\/wp\/v2\/posts\/49742","targetHints":{"allow":["GET"]}}],"collection":[{"href":"https:\/\/www.giurgiuveanul.ro\/stiri\/wp-json\/wp\/v2\/posts"}],"about":[{"href":"https:\/\/www.giurgiuveanul.ro\/stiri\/wp-json\/wp\/v2\/types\/post"}],"author":[{"embeddable":true,"href":"https:\/\/www.giurgiuveanul.ro\/stiri\/wp-json\/wp\/v2\/users\/1"}],"replies":[{"embeddable":true,"href":"https:\/\/www.giurgiuveanul.ro\/stiri\/wp-json\/wp\/v2\/comments?post=49742"}],"version-history":[{"count":0,"href":"https:\/\/www.giurgiuveanul.ro\/stiri\/wp-json\/wp\/v2\/posts\/49742\/revisions"}],"wp:attachment":[{"href":"https:\/\/www.giurgiuveanul.ro\/stiri\/wp-json\/wp\/v2\/media?parent=49742"}],"wp:term":[{"taxonomy":"category","embeddable":true,"href":"https:\/\/www.giurgiuveanul.ro\/stiri\/wp-json\/wp\/v2\/categories?post=49742"},{"taxonomy":"post_tag","embeddable":true,"href":"https:\/\/www.giurgiuveanul.ro\/stiri\/wp-json\/wp\/v2\/tags?post=49742"}],"curies":[{"name":"wp","href":"https:\/\/api.w.org\/{rel}","templated":true}]}}