{"id":49746,"date":"2018-02-14T18:44:11","date_gmt":"2018-02-14T16:44:11","guid":{"rendered":"https:\/\/www.giurgiuveanul.ro\/stiri\/?p=49746"},"modified":"2018-02-14T18:44:11","modified_gmt":"2018-02-14T16:44:11","slug":"ganduri","status":"publish","type":"post","link":"https:\/\/www.giurgiuveanul.ro\/stiri\/ganduri\/","title":{"rendered":"G\u00c2NDURI&#8230;"},"content":{"rendered":"<p style=\"text-align: justify;\"><a href=\"https:\/\/www.giurgiuveanul.ro\/stiri\/wp-content\/uploads\/2018\/02\/Floare.jpg\"><img loading=\"lazy\" decoding=\"async\" class=\"aligncenter size-large wp-image-49747\" src=\"https:\/\/www.giurgiuveanul.ro\/stiri\/wp-content\/uploads\/2018\/02\/Floare-281x450.jpg\" alt=\"Floare\" width=\"281\" height=\"450\" srcset=\"https:\/\/www.giurgiuveanul.ro\/stiri\/wp-content\/uploads\/2018\/02\/Floare-281x450.jpg 281w, https:\/\/www.giurgiuveanul.ro\/stiri\/wp-content\/uploads\/2018\/02\/Floare-188x300.jpg 188w, https:\/\/www.giurgiuveanul.ro\/stiri\/wp-content\/uploads\/2018\/02\/Floare-375x600.jpg 375w, https:\/\/www.giurgiuveanul.ro\/stiri\/wp-content\/uploads\/2018\/02\/Floare.jpg 500w\" sizes=\"auto, (max-width: 281px) 100vw, 281px\" \/><\/a>Pentru c\u0103 ast\u0103zi este o zi special\u0103 pentru mine, pentru c\u0103 <!--more-->datorez Giurgiului\u00a0 ie\u015firea mea \u00een lume, pentru c\u0103 Giurgiul\u00a0 m-a f\u0103cut s\u0103 \u00een\u0163eleg ce \u00eenseamn\u0103 <strong><em>acas\u0103, <\/em><\/strong>m-am g\u00e2ndit s\u0103 dau chip unor g\u00e2nduri care au crescut odat\u0103 cu mine.<\/p>\n<p style=\"text-align: justify;\">14 februarie 1936 . 14 februarie 2018<br \/>\nPrivesc \u00een fa\u0163\u0103. A\u015fa am privit totdeauna!<br \/>\n<strong>\u00a0\u00a0\u00a0\u00a0\u00a0\u00a0\u00a0\u00a0\u00a0 Mul\u0163umesc <\/strong>so\u0163iei, lui Costin \u015fi nepoatelor!Cu g\u00e2ndul la ei a\u015ftept cu bucurie r\u0103s\u0103ritul soarelui.<br \/>\n<strong>\u00a0\u00a0\u00a0\u00a0\u00a0\u00a0\u00a0\u00a0\u00a0 Mul\u0163umesc\u00a0<\/strong>celor dragi din familie care \u015fi-au \u0163inut r\u00e2nd<br \/>\n<strong>\u00a0\u00a0\u00a0\u00a0\u00a0\u00a0\u00a0\u00a0\u00a0 Mul\u0163umesc<\/strong><strong>\u00a0<\/strong>elevilor care mi-au transmis ur\u0103ri de s\u0103n\u0103tate! Lor le datorez bucuria cu care plecam \u00een fiecare zi de-acas\u0103!<br \/>\n<strong>\u00a0\u00a0\u00a0\u00a0\u00a0\u00a0\u00a0\u00a0\u00a0 Mul\u0163umesc<\/strong> prietenilor fa\u0163\u0103 de care m\u0103 simt \u00eendatorat. Ei mi-au inspirat grija pentru stima pe care am purtat-o dezinteresat tuturor<br \/>\n<strong>\u00a0\u00a0\u00a0\u00a0\u00a0\u00a0\u00a0\u00a0\u00a0 Mul\u0163umesc <\/strong>celor care nu au fost de acord cu mine. Ei m-au obligat s\u0103 fiu atent la ceea ce spun \u015fi,\u00a0\u00a0\u00a0 mai ales, la felul \u00een care spun . Le cer scuze c\u0103 nu m-am sup\u0103rat niciodat\u0103. Am iubit cuvintele \u015fi mai pu\u0163in vorbele.Cuvintele au demnitate, vorbele,doar gust!<br \/>\n<strong>\u00a0\u00a0\u00a0\u00a0\u00a0\u00a0\u00a0\u00a0\u00a0 Mul\u0163umesc<\/strong><strong>\u00a0<\/strong>celor care m-au aten\u0163ionat c\u0103 exist\u0103 oameni \u015fi OAMENI<br \/>\n<strong>\u00a0\u00a0\u00a0\u00a0\u00a0\u00a0\u00a0\u00a0\u00a0 Mul\u0163umesc<\/strong> tuturor celor necunoscu\u0163i, pentru c\u0103 \u00een r\u00e2ndul lor sunt poten\u0163iali prieteni, mul\u0163i OAMENI al\u0103turi de mul\u0163i al\u0163i oameni!<br \/>\n<strong>\u00a0\u00a0\u00a0\u00a0\u00a0\u00a0\u00a0\u00a0\u00a0 Mul\u0163umesc<\/strong><strong>\u00a0<\/strong>colegilor de promo\u0163ie de la liceu. Cu ajutorul lor, la fiecare \u00eenceput de septembrie , retr\u0103iesc amintiri de neuitat \u00een curtea <em>Maiorescului.<\/em> .<br \/>\n<strong>\u00a0\u00a0\u00a0\u00a0\u00a0\u00a0\u00a0\u00a0\u00a0\u00a0 Mul\u0163umesc<\/strong> colegilor de la Clubul Seniorilor din \u00cenv\u0103\u0163\u0103m\u00e2nt Br\u0103ila. \u00cempreun\u0103, s\u0103pt\u0103m\u00e2nal, ne impunem a nu uita s\u0103 ne bucur\u0103m. \u015ei reu\u015fim!<br \/>\n<strong>\u00a0\u00a0\u00a0\u00a0\u00a0\u00a0\u00a0\u00a0\u00a0\u00a0 Mul\u0163umesc<\/strong> lui Dumnezeu c\u0103 mi-a dat posibilitatea s\u0103 mul\u0163umesc tuturor!<br \/>\n<strong>Tuturor, S \u0102 N \u0102 T A T E \u015fi NOROC !<\/strong><\/p>\n<p style=\"text-align: center;\">Prof. Gh. Calot\u0103,<\/p>\n<p style=\"text-align: center;\">elev al Maiorescului, promo\u0163ia 1954, cu 11 clase, a doua sal\u0103 de clas\u0103\u00a0 de la etaj dinspre Calea Bucure\u015fti, banca \u00a1 de la perete.<\/p>\n<p style=\"text-align: justify;\">Foto: Prietenul meu de cas\u0103<\/p>\n","protected":false},"excerpt":{"rendered":"<p>Pentru c\u0103 ast\u0103zi este o zi special\u0103 pentru mine, pentru c\u0103<\/p>\n","protected":false},"author":1,"featured_media":0,"comment_status":"open","ping_status":"open","sticky":false,"template":"","format":"standard","meta":{"footnotes":""},"categories":[21],"tags":[],"class_list":["post-49746","post","type-post","status-publish","format-standard","hentry","category-opinia-mea"],"_links":{"self":[{"href":"https:\/\/www.giurgiuveanul.ro\/stiri\/wp-json\/wp\/v2\/posts\/49746","targetHints":{"allow":["GET"]}}],"collection":[{"href":"https:\/\/www.giurgiuveanul.ro\/stiri\/wp-json\/wp\/v2\/posts"}],"about":[{"href":"https:\/\/www.giurgiuveanul.ro\/stiri\/wp-json\/wp\/v2\/types\/post"}],"author":[{"embeddable":true,"href":"https:\/\/www.giurgiuveanul.ro\/stiri\/wp-json\/wp\/v2\/users\/1"}],"replies":[{"embeddable":true,"href":"https:\/\/www.giurgiuveanul.ro\/stiri\/wp-json\/wp\/v2\/comments?post=49746"}],"version-history":[{"count":0,"href":"https:\/\/www.giurgiuveanul.ro\/stiri\/wp-json\/wp\/v2\/posts\/49746\/revisions"}],"wp:attachment":[{"href":"https:\/\/www.giurgiuveanul.ro\/stiri\/wp-json\/wp\/v2\/media?parent=49746"}],"wp:term":[{"taxonomy":"category","embeddable":true,"href":"https:\/\/www.giurgiuveanul.ro\/stiri\/wp-json\/wp\/v2\/categories?post=49746"},{"taxonomy":"post_tag","embeddable":true,"href":"https:\/\/www.giurgiuveanul.ro\/stiri\/wp-json\/wp\/v2\/tags?post=49746"}],"curies":[{"name":"wp","href":"https:\/\/api.w.org\/{rel}","templated":true}]}}