{"id":49752,"date":"2018-02-14T19:08:05","date_gmt":"2018-02-14T17:08:05","guid":{"rendered":"https:\/\/www.giurgiuveanul.ro\/stiri\/?p=49752"},"modified":"2018-02-14T19:08:05","modified_gmt":"2018-02-14T17:08:05","slug":"retinut-pentru-nerespectarea-ordinului-de-protectie","status":"publish","type":"post","link":"https:\/\/www.giurgiuveanul.ro\/stiri\/retinut-pentru-nerespectarea-ordinului-de-protectie\/","title":{"rendered":"Re\u021binut pentru nerespectarea ordinului de protec\u021bie"},"content":{"rendered":"<p style=\"text-align: justify;\"><strong><a href=\"https:\/\/www.giurgiuveanul.ro\/stiri\/wp-content\/uploads\/2018\/02\/646x4042.jpg\"><img loading=\"lazy\" decoding=\"async\" class=\"aligncenter size-large wp-image-49753\" src=\"https:\/\/www.giurgiuveanul.ro\/stiri\/wp-content\/uploads\/2018\/02\/646x4042-560x350.jpg\" alt=\"646x404\" width=\"560\" height=\"350\" srcset=\"https:\/\/www.giurgiuveanul.ro\/stiri\/wp-content\/uploads\/2018\/02\/646x4042-560x350.jpg 560w, https:\/\/www.giurgiuveanul.ro\/stiri\/wp-content\/uploads\/2018\/02\/646x4042-250x156.jpg 250w, https:\/\/www.giurgiuveanul.ro\/stiri\/wp-content\/uploads\/2018\/02\/646x4042-400x250.jpg 400w, https:\/\/www.giurgiuveanul.ro\/stiri\/wp-content\/uploads\/2018\/02\/646x4042.jpg 646w\" sizes=\"auto, (max-width: 560px) 100vw, 560px\" \/><\/a>Poli\u021bi\u0219tii din cadrul <!--more-->Sec\u021biei nr.3 de Poli\u021bie Rural\u0103 Bolintin Vale efectueaz\u0103 cercet\u0103ri fa\u021b\u0103 de un b\u0103rbat, de 32 de ani, care nu a respectat ordinul de protec\u021bie emis de Instan\u021ba de Judecat\u0103.<\/strong><\/p>\n<p style=\"text-align: justify;\">O femeie, de 32 ani, din localitatea S\u0103b\u0103reni, s-a adresat Instan\u021bei de Judecat\u0103, pentru emiterea unui ordin de protec\u021bie, urmare a amenin\u021b\u0103rilor primite de la concubinul s\u0103u de 32 de ani din aceia\u0219i localitate.<\/p>\n<p style=\"text-align: justify;\">\u00centruc\u00e2t \u00een cauz\u0103 au fost constatate \u00eenc\u0103lc\u0103ri repetate ale ordinului de protec\u021bie fa\u021b\u0103 de persoana amenin\u021bat\u0103, poli\u021bi\u0219ti au \u00eentocmit trei dosare penale pentru s\u0103v\u00e2r\u0219irea infrac\u021biunii de <em>\u201cnep\u0103strarea distan\u021bei minime fa\u021b\u0103 de victim\u0103\u201d.<\/em><\/p>\n<p style=\"text-align: justify;\">Din verific\u0103ri a reie\u0219it faptul c\u0103 b\u0103rbatul cercetat de poli\u021bi\u0219ti, a \u00eencercat \u00een repetate r\u00e2nduri s\u0103 ia leg\u0103tura cu victima, respectiv \u00een dou\u0103 situa\u021bii prin intermediul telefonului iar \u00eentr-o alt\u0103 situa\u021bie prin crearea unui cont fals pe o aplica\u021bie de socializare.<\/p>\n<p style=\"text-align: justify;\">Av\u00e2nd \u00een vedere faptul c\u0103 b\u0103rbatul, de 32 de ani din localitatea S\u0103b\u0103reni, a \u00eenc\u0103lcat \u00een mai multe r\u00e2nduri ordinul de protec\u021bie emis de c\u0103tre Judec\u0103toria Bolintin Vale, poli\u021bi\u0219tii Sec\u021biei nr.3 de Poli\u021bie Rural\u0103 Bolintin Vale au emis ordonan\u021b\u0103 de re\u021binere pe 24 de ore, fiind \u00een\u0219tiin\u021bat procurorul de caz din cadrul Parchetului de pe l\u00e2ng\u0103 Judec\u0103toria Bolintin Vale.<\/p>\n","protected":false},"excerpt":{"rendered":"<p>Poli\u021bi\u0219tii din cadrul<\/p>\n","protected":false},"author":1,"featured_media":0,"comment_status":"open","ping_status":"open","sticky":false,"template":"","format":"standard","meta":{"footnotes":""},"categories":[6],"tags":[],"class_list":["post-49752","post","type-post","status-publish","format-standard","hentry","category-breaking-news"],"_links":{"self":[{"href":"https:\/\/www.giurgiuveanul.ro\/stiri\/wp-json\/wp\/v2\/posts\/49752","targetHints":{"allow":["GET"]}}],"collection":[{"href":"https:\/\/www.giurgiuveanul.ro\/stiri\/wp-json\/wp\/v2\/posts"}],"about":[{"href":"https:\/\/www.giurgiuveanul.ro\/stiri\/wp-json\/wp\/v2\/types\/post"}],"author":[{"embeddable":true,"href":"https:\/\/www.giurgiuveanul.ro\/stiri\/wp-json\/wp\/v2\/users\/1"}],"replies":[{"embeddable":true,"href":"https:\/\/www.giurgiuveanul.ro\/stiri\/wp-json\/wp\/v2\/comments?post=49752"}],"version-history":[{"count":0,"href":"https:\/\/www.giurgiuveanul.ro\/stiri\/wp-json\/wp\/v2\/posts\/49752\/revisions"}],"wp:attachment":[{"href":"https:\/\/www.giurgiuveanul.ro\/stiri\/wp-json\/wp\/v2\/media?parent=49752"}],"wp:term":[{"taxonomy":"category","embeddable":true,"href":"https:\/\/www.giurgiuveanul.ro\/stiri\/wp-json\/wp\/v2\/categories?post=49752"},{"taxonomy":"post_tag","embeddable":true,"href":"https:\/\/www.giurgiuveanul.ro\/stiri\/wp-json\/wp\/v2\/tags?post=49752"}],"curies":[{"name":"wp","href":"https:\/\/api.w.org\/{rel}","templated":true}]}}