{"id":49755,"date":"2018-02-14T19:15:26","date_gmt":"2018-02-14T17:15:26","guid":{"rendered":"https:\/\/www.giurgiuveanul.ro\/stiri\/?p=49755"},"modified":"2018-02-14T19:19:14","modified_gmt":"2018-02-14T17:19:14","slug":"furtul-din-magazine-sport-local","status":"publish","type":"post","link":"https:\/\/www.giurgiuveanul.ro\/stiri\/furtul-din-magazine-sport-local\/","title":{"rendered":"Furtul din magazine&#8230; &#8222;sport de mas\u0103&#8221; local?"},"content":{"rendered":"<p style=\"text-align: justify;\"><strong><a href=\"https:\/\/www.giurgiuveanul.ro\/stiri\/wp-content\/uploads\/2018\/02\/furt.jpg\"><img loading=\"lazy\" decoding=\"async\" class=\"aligncenter size-large wp-image-49756\" src=\"https:\/\/www.giurgiuveanul.ro\/stiri\/wp-content\/uploads\/2018\/02\/furt-560x280.jpg\" alt=\"furt\" width=\"560\" height=\"280\" srcset=\"https:\/\/www.giurgiuveanul.ro\/stiri\/wp-content\/uploads\/2018\/02\/furt-560x280.jpg 560w, https:\/\/www.giurgiuveanul.ro\/stiri\/wp-content\/uploads\/2018\/02\/furt-250x125.jpg 250w, https:\/\/www.giurgiuveanul.ro\/stiri\/wp-content\/uploads\/2018\/02\/furt-400x200.jpg 400w, https:\/\/www.giurgiuveanul.ro\/stiri\/wp-content\/uploads\/2018\/02\/furt.jpg 650w\" sizes=\"auto, (max-width: 560px) 100vw, 560px\" \/><\/a>Poli\u021bi\u0219ti giurgiuveni cerceteaz\u0103 <!--more-->dou\u0103 persoane, dup\u0103 ce au fost prinse \u00een flagrant sustr\u0103g\u00e2nd mai multe bunuri din dou\u0103 societ\u0103\u021bi comerciale.<\/strong><\/p>\n<p style=\"text-align: justify;\">Poli\u021bi\u0219tii Biroului Ordine Public\u0103 pentru Mediul Urban de la Poli\u021bia Municipiului Giurgiu efectueaz\u0103 cercet\u0103ri fa\u021b\u0103 de un t\u00e2n\u0103r de 24 ani \u0219i o femeie de 42 de ani, ambii din municipiul Giurgiu, care au fost surprin\u0219i mar\u021bi, 13 februarie a.c., \u00een timp ce sustr\u0103geau mai multe produse din incinta a dou\u0103 societ\u0103\u021bii comerciale.<\/p>\n<p style=\"text-align: justify;\">Prejudiciul cauzat, \u00een valoare de 122,57 lei, a fost recuperat \u00een totalitate \u0219i predat reprezentan\u021bilor celor dou\u0103 societ\u0103\u021bii comerciale.<\/p>\n<p>Poli\u021bi\u0219tii au \u00eentocmit \u00een cauz\u0103, dosare penale \u00een care continu\u0103 cercet\u0103rile sub aspectul s\u0103v\u00e2r\u0219irii infrac\u021biunii de furt.<\/p>\n","protected":false},"excerpt":{"rendered":"<p>Poli\u021bi\u0219ti giurgiuveni cerceteaz\u0103<\/p>\n","protected":false},"author":1,"featured_media":0,"comment_status":"open","ping_status":"open","sticky":false,"template":"","format":"standard","meta":{"footnotes":""},"categories":[6],"tags":[],"class_list":["post-49755","post","type-post","status-publish","format-standard","hentry","category-breaking-news"],"_links":{"self":[{"href":"https:\/\/www.giurgiuveanul.ro\/stiri\/wp-json\/wp\/v2\/posts\/49755","targetHints":{"allow":["GET"]}}],"collection":[{"href":"https:\/\/www.giurgiuveanul.ro\/stiri\/wp-json\/wp\/v2\/posts"}],"about":[{"href":"https:\/\/www.giurgiuveanul.ro\/stiri\/wp-json\/wp\/v2\/types\/post"}],"author":[{"embeddable":true,"href":"https:\/\/www.giurgiuveanul.ro\/stiri\/wp-json\/wp\/v2\/users\/1"}],"replies":[{"embeddable":true,"href":"https:\/\/www.giurgiuveanul.ro\/stiri\/wp-json\/wp\/v2\/comments?post=49755"}],"version-history":[{"count":0,"href":"https:\/\/www.giurgiuveanul.ro\/stiri\/wp-json\/wp\/v2\/posts\/49755\/revisions"}],"wp:attachment":[{"href":"https:\/\/www.giurgiuveanul.ro\/stiri\/wp-json\/wp\/v2\/media?parent=49755"}],"wp:term":[{"taxonomy":"category","embeddable":true,"href":"https:\/\/www.giurgiuveanul.ro\/stiri\/wp-json\/wp\/v2\/categories?post=49755"},{"taxonomy":"post_tag","embeddable":true,"href":"https:\/\/www.giurgiuveanul.ro\/stiri\/wp-json\/wp\/v2\/tags?post=49755"}],"curies":[{"name":"wp","href":"https:\/\/api.w.org\/{rel}","templated":true}]}}