{"id":49784,"date":"2018-02-15T18:14:39","date_gmt":"2018-02-15T16:14:39","guid":{"rendered":"https:\/\/www.giurgiuveanul.ro\/stiri\/?p=49784"},"modified":"2018-02-15T18:20:15","modified_gmt":"2018-02-15T16:20:15","slug":"marian-mina-pentru-cei-care-vorbesc-in-necunostinta-de-cauza-va-prezint-documentu-l","status":"publish","type":"post","link":"https:\/\/www.giurgiuveanul.ro\/stiri\/marian-mina-pentru-cei-care-vorbesc-in-necunostinta-de-cauza-va-prezint-documentu-l\/","title":{"rendered":"Marian Mina: \u201cPentru cei care vorbesc \u00een necuno\u0219tin\u021b\u0103 de cauz\u0103, v\u0103 prezint documentul&#8230;l!\u201d"},"content":{"rendered":"<p style=\"text-align: justify;\"><a href=\"https:\/\/www.giurgiuveanul.ro\/stiri\/wp-content\/uploads\/2018\/02\/IMG_0445.jpg\"><img loading=\"lazy\" decoding=\"async\" class=\"aligncenter size-large wp-image-49785\" src=\"https:\/\/www.giurgiuveanul.ro\/stiri\/wp-content\/uploads\/2018\/02\/IMG_0445-560x398.jpg\" alt=\"IMG_0445\" width=\"560\" height=\"398\" srcset=\"https:\/\/www.giurgiuveanul.ro\/stiri\/wp-content\/uploads\/2018\/02\/IMG_0445-560x398.jpg 560w, https:\/\/www.giurgiuveanul.ro\/stiri\/wp-content\/uploads\/2018\/02\/IMG_0445-250x178.jpg 250w, https:\/\/www.giurgiuveanul.ro\/stiri\/wp-content\/uploads\/2018\/02\/IMG_0445-400x285.jpg 400w, https:\/\/www.giurgiuveanul.ro\/stiri\/wp-content\/uploads\/2018\/02\/IMG_0445.jpg 800w\" sizes=\"auto, (max-width: 560px) 100vw, 560px\" \/><\/a>Ast\u0103zi, 15 februarie a.c., \u00een cadrul conferin\u0163ei de pres\u0103 a organiza\u0163iei jude\u0163ene a PSD Giurgiu, liderul acestei forma\u0163iuni politice, totodat\u0103 \u015fi pre\u015fedintele Consiliului Jude\u0163ean, <strong>Marian Mina<\/strong>, a vrut s\u0103 aduc\u0103 l\u0103muriri suplimentare \u00een ceea ce prive\u015fte <!--more-->proiectul de reabilitare a cl\u0103dirilor Spitalului nou.<\/p>\n<p style=\"text-align: justify;\"><em>\u201cPNL-i\u015ftii giurgiuveni au afirmat,<\/em> a precizat <strong>Marian Mina<\/strong>, <em>\u00een c\u00e2teva r\u00e2nduri, c\u0103 nu au g\u0103sit pe SEAP niciun proiect privind reabilitarea cl\u0103dirilor Spitalului nou. M\u0103 refer la proiectul ce va fi derulat de Compania Na\u0163ional\u0103 de Investi\u0163ii, care a generat dezbateri aprinse \u00eentr-o \u015fedin\u0163\u0103 a Consiliului Jude\u0163ean Giurgiu. Atunci, consilierii (cu excep\u021bia PNL-i\u015ftilor, care au dat vot negativ) au votat un proiect privind predarea c\u0103tre CNI a amplasamentului cl\u0103dirilor Spitalului Jude\u0163ean Giurgiu care vor fi reabilitate \u015fi modernizate cu fonduri guvernamentale. De cur\u00e2nd am constatat c\u0103 membrii PNL au afirmat, la conferin\u0163ele lor de pres\u0103 c\u0103 proiectul nu ar fi fost predat c\u0103tre CNI, c\u0103 PSD minte, c\u0103 nu era urgen\u0163\u0103 \u015fi a\u015fa mai departe. Pentru cei care vorbesc in necuno\u0219tin\u021b\u0103 de cauz\u0103 v\u0103 prezint documentul care atest\u0103 faptul c\u0103 proiectul este pe SEAP, iar s\u0103pt\u0103m\u00e2na viitoare va fi urcat\u0103 \u015fi documenta\u0163ia pentru execu\u0163ia lucr\u0103rii\u201d<\/em>, a conchis liderul social democrat giurgiuvean.<\/p>\n","protected":false},"excerpt":{"rendered":"<p>Ast\u0103zi, 15 februarie a.c., \u00een cadrul conferin\u0163ei de pres\u0103 a organiza\u0163iei jude\u0163ene a PSD Giurgiu, liderul acestei forma\u0163iuni politice, totodat\u0103 \u015fi pre\u015fedintele Consiliului Jude\u0163ean, Marian Mina, a vrut s\u0103 aduc\u0103 l\u0103muriri suplimentare \u00een ceea ce prive\u015fte<\/p>\n","protected":false},"author":1,"featured_media":0,"comment_status":"open","ping_status":"open","sticky":false,"template":"","format":"standard","meta":{"footnotes":""},"categories":[6],"tags":[],"class_list":["post-49784","post","type-post","status-publish","format-standard","hentry","category-breaking-news"],"_links":{"self":[{"href":"https:\/\/www.giurgiuveanul.ro\/stiri\/wp-json\/wp\/v2\/posts\/49784","targetHints":{"allow":["GET"]}}],"collection":[{"href":"https:\/\/www.giurgiuveanul.ro\/stiri\/wp-json\/wp\/v2\/posts"}],"about":[{"href":"https:\/\/www.giurgiuveanul.ro\/stiri\/wp-json\/wp\/v2\/types\/post"}],"author":[{"embeddable":true,"href":"https:\/\/www.giurgiuveanul.ro\/stiri\/wp-json\/wp\/v2\/users\/1"}],"replies":[{"embeddable":true,"href":"https:\/\/www.giurgiuveanul.ro\/stiri\/wp-json\/wp\/v2\/comments?post=49784"}],"version-history":[{"count":0,"href":"https:\/\/www.giurgiuveanul.ro\/stiri\/wp-json\/wp\/v2\/posts\/49784\/revisions"}],"wp:attachment":[{"href":"https:\/\/www.giurgiuveanul.ro\/stiri\/wp-json\/wp\/v2\/media?parent=49784"}],"wp:term":[{"taxonomy":"category","embeddable":true,"href":"https:\/\/www.giurgiuveanul.ro\/stiri\/wp-json\/wp\/v2\/categories?post=49784"},{"taxonomy":"post_tag","embeddable":true,"href":"https:\/\/www.giurgiuveanul.ro\/stiri\/wp-json\/wp\/v2\/tags?post=49784"}],"curies":[{"name":"wp","href":"https:\/\/api.w.org\/{rel}","templated":true}]}}