{"id":49789,"date":"2018-02-15T18:43:00","date_gmt":"2018-02-15T16:43:00","guid":{"rendered":"https:\/\/www.giurgiuveanul.ro\/stiri\/?p=49789"},"modified":"2018-02-15T18:43:00","modified_gmt":"2018-02-15T16:43:00","slug":"depistat-conducand-autoutilitara-pe-drumurile-publice-influenta-alcoolului","status":"publish","type":"post","link":"https:\/\/www.giurgiuveanul.ro\/stiri\/depistat-conducand-autoutilitara-pe-drumurile-publice-influenta-alcoolului\/","title":{"rendered":"Depistat conduc\u00e2nd o autoutilitar\u0103 pe drumurile publice&#8230; sub influen\u021ba alcoolului"},"content":{"rendered":"<p style=\"text-align: justify;\"><strong><a href=\"https:\/\/www.giurgiuveanul.ro\/stiri\/wp-content\/uploads\/2018\/02\/Rutiera-proces-verbal-tion-ro.jpg\"><img loading=\"lazy\" decoding=\"async\" class=\"aligncenter size-large wp-image-49790\" src=\"https:\/\/www.giurgiuveanul.ro\/stiri\/wp-content\/uploads\/2018\/02\/Rutiera-proces-verbal-tion-ro-560x371.jpg\" alt=\"Rutiera-proces-verbal-tion-ro\" width=\"560\" height=\"371\" srcset=\"https:\/\/www.giurgiuveanul.ro\/stiri\/wp-content\/uploads\/2018\/02\/Rutiera-proces-verbal-tion-ro-560x371.jpg 560w, https:\/\/www.giurgiuveanul.ro\/stiri\/wp-content\/uploads\/2018\/02\/Rutiera-proces-verbal-tion-ro-250x165.jpg 250w, https:\/\/www.giurgiuveanul.ro\/stiri\/wp-content\/uploads\/2018\/02\/Rutiera-proces-verbal-tion-ro-400x265.jpg 400w, https:\/\/www.giurgiuveanul.ro\/stiri\/wp-content\/uploads\/2018\/02\/Rutiera-proces-verbal-tion-ro.jpg 600w\" sizes=\"auto, (max-width: 560px) 100vw, 560px\" \/><\/a>Un b\u0103rbat este cercetat de poli\u021bi\u0219tii giurgiuveni dup\u0103 ce<!--more--> a fost depistat conduc\u00e2nd\u00a0o autoutilitar\u0103 pe drumurile publice, sub influen\u021ba alcoolului.<\/strong><\/p>\n<p style=\"text-align: justify;\">Miercuri, 14 februarie a.c., \u00een jurul orei 08.50, poli\u021bi\u0219tii din cadrul Serviciului Rutier au depistat \u00een trafic un b\u0103rbat, de 37 ani, din comuna Domne\u0219ti, jude\u021bul Ilfov, \u00een timp ce conducea o autoutilitar\u0103 pe Drumul Na\u021bional 6, pe raza localit\u0103\u021bii Mih\u0103ile\u0219ti, afl\u00e2ndu-se sub influen\u021ba b\u0103uturilor alcoolice.<\/p>\n<p style=\"text-align: justify;\">Conduc\u0103torul auto a fost testat cu aparatul etilotest care a indicat o valoare de 0,49 mg.\/l. alcool pur \u00een aerul expirat \u0219i a fost condus la Centrul de Permanen\u021b\u0103 Buturugeni, unde i-au fost recoltate probe biologice de s\u00e2nge \u00een vederea stabilirii alcoolemiei.<\/p>\n<p style=\"text-align: justify;\">\u00cen cauz\u0103 a fost \u00eentocmit un dosar penal \u00een care se efectueaz\u0103 cercet\u0103ri sub aspectul s\u0103v\u00e2r\u0219irii infrac\u021biunii de conducerea unui autovehicul pe drumurile publice sub influen\u021ba alcoolului.<\/p>\n","protected":false},"excerpt":{"rendered":"<p>Un b\u0103rbat este cercetat de poli\u021bi\u0219tii giurgiuveni dup\u0103 ce<\/p>\n","protected":false},"author":1,"featured_media":0,"comment_status":"open","ping_status":"open","sticky":false,"template":"","format":"standard","meta":{"footnotes":""},"categories":[6],"tags":[],"class_list":["post-49789","post","type-post","status-publish","format-standard","hentry","category-breaking-news"],"_links":{"self":[{"href":"https:\/\/www.giurgiuveanul.ro\/stiri\/wp-json\/wp\/v2\/posts\/49789","targetHints":{"allow":["GET"]}}],"collection":[{"href":"https:\/\/www.giurgiuveanul.ro\/stiri\/wp-json\/wp\/v2\/posts"}],"about":[{"href":"https:\/\/www.giurgiuveanul.ro\/stiri\/wp-json\/wp\/v2\/types\/post"}],"author":[{"embeddable":true,"href":"https:\/\/www.giurgiuveanul.ro\/stiri\/wp-json\/wp\/v2\/users\/1"}],"replies":[{"embeddable":true,"href":"https:\/\/www.giurgiuveanul.ro\/stiri\/wp-json\/wp\/v2\/comments?post=49789"}],"version-history":[{"count":0,"href":"https:\/\/www.giurgiuveanul.ro\/stiri\/wp-json\/wp\/v2\/posts\/49789\/revisions"}],"wp:attachment":[{"href":"https:\/\/www.giurgiuveanul.ro\/stiri\/wp-json\/wp\/v2\/media?parent=49789"}],"wp:term":[{"taxonomy":"category","embeddable":true,"href":"https:\/\/www.giurgiuveanul.ro\/stiri\/wp-json\/wp\/v2\/categories?post=49789"},{"taxonomy":"post_tag","embeddable":true,"href":"https:\/\/www.giurgiuveanul.ro\/stiri\/wp-json\/wp\/v2\/tags?post=49789"}],"curies":[{"name":"wp","href":"https:\/\/api.w.org\/{rel}","templated":true}]}}