{"id":49802,"date":"2018-02-16T09:26:21","date_gmt":"2018-02-16T07:26:21","guid":{"rendered":"https:\/\/www.giurgiuveanul.ro\/stiri\/?p=49802"},"modified":"2018-02-16T09:26:21","modified_gmt":"2018-02-16T07:26:21","slug":"ajutorul-social-cumulat-cu-veniturile-obtinute-din-munca-de-zilier","status":"publish","type":"post","link":"https:\/\/www.giurgiuveanul.ro\/stiri\/ajutorul-social-cumulat-cu-veniturile-obtinute-din-munca-de-zilier\/","title":{"rendered":"Ajutorul social, cumulat cu veniturile ob\u0163inute din munca de zilier"},"content":{"rendered":"<p style=\"text-align: justify;\"><strong><a href=\"https:\/\/www.giurgiuveanul.ro\/stiri\/wp-content\/uploads\/2018\/02\/img2.jpg\"><img loading=\"lazy\" decoding=\"async\" class=\"aligncenter size-large wp-image-49803\" src=\"https:\/\/www.giurgiuveanul.ro\/stiri\/wp-content\/uploads\/2018\/02\/img2-560x314.jpg\" alt=\"img\" width=\"560\" height=\"314\" srcset=\"https:\/\/www.giurgiuveanul.ro\/stiri\/wp-content\/uploads\/2018\/02\/img2-560x314.jpg 560w, https:\/\/www.giurgiuveanul.ro\/stiri\/wp-content\/uploads\/2018\/02\/img2-250x140.jpg 250w, https:\/\/www.giurgiuveanul.ro\/stiri\/wp-content\/uploads\/2018\/02\/img2-400x225.jpg 400w, https:\/\/www.giurgiuveanul.ro\/stiri\/wp-content\/uploads\/2018\/02\/img2.jpg 800w\" sizes=\"auto, (max-width: 560px) 100vw, 560px\" \/><\/a>Un <!--more-->proiect de lege aflat \u00een dezbateri la Camera Deputa\u0163ilor prevede posibilitatea ca venitul minim garantat s\u0103 fie cumulat cu banii ob\u0163inu\u0163i din munca de zilier.<\/strong><\/p>\n<p style=\"text-align: justify;\">Potrivit legisla\u0163iei \u00een vigoare, persoanele care beneficiaz\u0103 de ajutor social nu pot cumula nici un alt gen de venit, plata ajutorului fiind suspendat\u0103 \u00een momentul \u00een care se ob\u021bin venituri din alte p\u0103r\u021bi.<\/p>\n<div id=\"videoad\" style=\"text-align: justify;\">\n<div><em>\u201c\u00cen situa\u021bia \u00een care persoanele beneficiare ale unui ajutor social sub forma venitului minim garantat opteaz\u0103 pentru munca sezonier\u0103 reglementat\u0103 de Legea nr. 52\/2011 privind exercitarea unor activit\u0103\u021bi cu caracter ocazional desf\u0103\u0219urate de zilieri, venitul minim garantat sub forma ajutorului social se cumuleaz\u0103 cu veniturile ob\u021binute din munca de zilier\u201d<\/em>, prevede proiectul, ce a fost respins de Senat, dar, dac\u0103 va fi aprobat la Camera Deputa\u0163ilor, poate deveni lege.<\/div>\n<\/div>\n<p style=\"text-align: justify;\">Ini\u021biatorii motiveaz\u0103 c\u0103 muncitorii care ar putea lucra temporar, ca zilieri, se feresc de venituri astfel ob\u021binute, pentru a nu pierde ajutorul social de care beneficiaz\u0103 familia.<\/p>\n","protected":false},"excerpt":{"rendered":"<p>Un<\/p>\n","protected":false},"author":1,"featured_media":0,"comment_status":"open","ping_status":"open","sticky":false,"template":"","format":"standard","meta":{"footnotes":""},"categories":[6],"tags":[],"class_list":["post-49802","post","type-post","status-publish","format-standard","hentry","category-breaking-news"],"_links":{"self":[{"href":"https:\/\/www.giurgiuveanul.ro\/stiri\/wp-json\/wp\/v2\/posts\/49802","targetHints":{"allow":["GET"]}}],"collection":[{"href":"https:\/\/www.giurgiuveanul.ro\/stiri\/wp-json\/wp\/v2\/posts"}],"about":[{"href":"https:\/\/www.giurgiuveanul.ro\/stiri\/wp-json\/wp\/v2\/types\/post"}],"author":[{"embeddable":true,"href":"https:\/\/www.giurgiuveanul.ro\/stiri\/wp-json\/wp\/v2\/users\/1"}],"replies":[{"embeddable":true,"href":"https:\/\/www.giurgiuveanul.ro\/stiri\/wp-json\/wp\/v2\/comments?post=49802"}],"version-history":[{"count":0,"href":"https:\/\/www.giurgiuveanul.ro\/stiri\/wp-json\/wp\/v2\/posts\/49802\/revisions"}],"wp:attachment":[{"href":"https:\/\/www.giurgiuveanul.ro\/stiri\/wp-json\/wp\/v2\/media?parent=49802"}],"wp:term":[{"taxonomy":"category","embeddable":true,"href":"https:\/\/www.giurgiuveanul.ro\/stiri\/wp-json\/wp\/v2\/categories?post=49802"},{"taxonomy":"post_tag","embeddable":true,"href":"https:\/\/www.giurgiuveanul.ro\/stiri\/wp-json\/wp\/v2\/tags?post=49802"}],"curies":[{"name":"wp","href":"https:\/\/api.w.org\/{rel}","templated":true}]}}