{"id":49811,"date":"2018-02-16T10:05:58","date_gmt":"2018-02-16T08:05:58","guid":{"rendered":"https:\/\/www.giurgiuveanul.ro\/stiri\/?p=49811"},"modified":"2018-02-16T10:27:26","modified_gmt":"2018-02-16T08:27:26","slug":"umilitor-la-catedrala-adormirea-maicii-domnului-situatie-jenanta-pentru-giurgiuvenii-care-isi-conduc-decedatii-pe-ultimul-drum-foto","status":"publish","type":"post","link":"https:\/\/www.giurgiuveanul.ro\/stiri\/umilitor-la-catedrala-adormirea-maicii-domnului-situatie-jenanta-pentru-giurgiuvenii-care-isi-conduc-decedatii-pe-ultimul-drum-foto\/","title":{"rendered":"UMILITOR. La Catedrala \u201cAdormirea Maicii Domnului\u201d, situa\u0163ie jenant\u0103 pentru giurgiuvenii care \u00ee\u015fi conduc deceda\u0163ii pe ultimul drum! (FOTO)"},"content":{"rendered":"<p style=\"text-align: justify;\"><em><a href=\"https:\/\/www.giurgiuveanul.ro\/stiri\/wp-content\/uploads\/2018\/02\/IMG_0399.jpg\"><img loading=\"lazy\" decoding=\"async\" class=\"aligncenter size-large wp-image-49812\" src=\"https:\/\/www.giurgiuveanul.ro\/stiri\/wp-content\/uploads\/2018\/02\/IMG_0399-560x410.jpg\" alt=\"IMG_0399\" width=\"560\" height=\"410\" srcset=\"https:\/\/www.giurgiuveanul.ro\/stiri\/wp-content\/uploads\/2018\/02\/IMG_0399-560x410.jpg 560w, https:\/\/www.giurgiuveanul.ro\/stiri\/wp-content\/uploads\/2018\/02\/IMG_0399-250x183.jpg 250w, https:\/\/www.giurgiuveanul.ro\/stiri\/wp-content\/uploads\/2018\/02\/IMG_0399-400x293.jpg 400w, https:\/\/www.giurgiuveanul.ro\/stiri\/wp-content\/uploads\/2018\/02\/IMG_0399.jpg 800w\" sizes=\"auto, (max-width: 560px) 100vw, 560px\" \/><\/a>\u201eAm venit la dumneavoastr\u0103, la redac\u021bie,<!--more-->\u00a0s\u0103 sesizez aceast\u0103 neregul\u0103 cu aceste ma\u015fini parcate neregulamentar, pe trotuarul din fa\u0163a Bisericii <\/em><strong>Adormirea<\/strong><em>. Mi se pare incorect pentru cei afla\u0163i \u00een situa\u0163ia de a-\u015fi conduce mortul pe ultimul drum, nedorit\u0103 de nimeni, s\u0103 ocoleasc\u0103 ma\u015finile parcate aiurea. \u015ei apoi s\u0103 treac\u0103 pe trecerea de pietoni cu mortul dup\u0103 ei&#8230;\u201d<\/em>, ne-a semnalat un cititor.<\/p>\n<p style=\"text-align: justify;\">Ieri, ne-am deplasat la locul cu pricina, Catedrala Episcopal\u0103 \u201cAdormirea Maicii Domnului\u201d. Tocmai ce ie\u015fea, din curtea Bisericii, un cortegiu funerar.<\/p>\n<p style=\"text-align: justify;\"><a href=\"https:\/\/www.giurgiuveanul.ro\/stiri\/wp-content\/uploads\/2018\/02\/IMG_0398.jpg\"><img loading=\"lazy\" decoding=\"async\" class=\"aligncenter size-large wp-image-49813\" src=\"https:\/\/www.giurgiuveanul.ro\/stiri\/wp-content\/uploads\/2018\/02\/IMG_0398-560x378.jpg\" alt=\"IMG_0398\" width=\"560\" height=\"378\" srcset=\"https:\/\/www.giurgiuveanul.ro\/stiri\/wp-content\/uploads\/2018\/02\/IMG_0398-560x378.jpg 560w, https:\/\/www.giurgiuveanul.ro\/stiri\/wp-content\/uploads\/2018\/02\/IMG_0398-250x169.jpg 250w, https:\/\/www.giurgiuveanul.ro\/stiri\/wp-content\/uploads\/2018\/02\/IMG_0398-400x270.jpg 400w, https:\/\/www.giurgiuveanul.ro\/stiri\/wp-content\/uploads\/2018\/02\/IMG_0398.jpg 800w\" sizes=\"auto, (max-width: 560px) 100vw, 560px\" \/><\/a><\/p>\n<p style=\"text-align: justify;\">Am asistat cum au fost nevoi\u0163i s\u0103 fac\u0103 slalom (printre ma\u015fini \u015fi pietoni) pentru a putea intra \u00een trafic, deoarece autoturismele, parcate ilegal, \u00eentr-adev\u0103r, blocheaz\u0103 complet accesul spre\/dinspre Biseric\u0103.<\/p>\n<p style=\"text-align: justify;\"><a href=\"https:\/\/www.giurgiuveanul.ro\/stiri\/wp-content\/uploads\/2018\/02\/IMG_0403.jpg\"><img loading=\"lazy\" decoding=\"async\" class=\"aligncenter size-large wp-image-49814\" src=\"https:\/\/www.giurgiuveanul.ro\/stiri\/wp-content\/uploads\/2018\/02\/IMG_0403-560x379.jpg\" alt=\"IMG_0403\" width=\"560\" height=\"379\" srcset=\"https:\/\/www.giurgiuveanul.ro\/stiri\/wp-content\/uploads\/2018\/02\/IMG_0403-560x379.jpg 560w, https:\/\/www.giurgiuveanul.ro\/stiri\/wp-content\/uploads\/2018\/02\/IMG_0403-250x169.jpg 250w, https:\/\/www.giurgiuveanul.ro\/stiri\/wp-content\/uploads\/2018\/02\/IMG_0403-400x271.jpg 400w, https:\/\/www.giurgiuveanul.ro\/stiri\/wp-content\/uploads\/2018\/02\/IMG_0403.jpg 800w\" sizes=\"auto, (max-width: 560px) 100vw, 560px\" \/><\/a><\/p>\n<p style=\"text-align: justify;\">Dup\u0103 ce a reu\u015fit s\u0103 evite ma\u015finile parcate, cortegiul continu\u0103 periplul\u00a0\u015fi trece strada&#8230; pe zebr\u0103, intersec\u021bia fiind una foarte circulat\u0103. V-am oferit \u015fi c\u00e2teva imagini spre edificare.<\/p>\n<p style=\"text-align: justify;\">L\u0103s\u00e2nd la o parte aceast\u0103 situa\u0163ie, ne g\u00e2ndim cu groaz\u0103 la ce s-ar putea \u00eent\u00e2mpla&#8230; dac\u0103 ar fi nevoie <em>(Doamne fere\u015fte!)<\/em> de interven\u0163ia pompierilor&#8230;<\/p>\n<p style=\"text-align: justify;\">Sper\u0103m c\u0103 autorit\u0103\u0163ile \u00eendrituite vor lua m\u0103suri \u00een acest sens.<\/p>\n","protected":false},"excerpt":{"rendered":"<p>\u201eAm venit la dumneavoastr\u0103, la redac\u021bie,<\/p>\n","protected":false},"author":1,"featured_media":0,"comment_status":"open","ping_status":"open","sticky":false,"template":"","format":"standard","meta":{"footnotes":""},"categories":[6],"tags":[],"class_list":["post-49811","post","type-post","status-publish","format-standard","hentry","category-breaking-news"],"_links":{"self":[{"href":"https:\/\/www.giurgiuveanul.ro\/stiri\/wp-json\/wp\/v2\/posts\/49811","targetHints":{"allow":["GET"]}}],"collection":[{"href":"https:\/\/www.giurgiuveanul.ro\/stiri\/wp-json\/wp\/v2\/posts"}],"about":[{"href":"https:\/\/www.giurgiuveanul.ro\/stiri\/wp-json\/wp\/v2\/types\/post"}],"author":[{"embeddable":true,"href":"https:\/\/www.giurgiuveanul.ro\/stiri\/wp-json\/wp\/v2\/users\/1"}],"replies":[{"embeddable":true,"href":"https:\/\/www.giurgiuveanul.ro\/stiri\/wp-json\/wp\/v2\/comments?post=49811"}],"version-history":[{"count":0,"href":"https:\/\/www.giurgiuveanul.ro\/stiri\/wp-json\/wp\/v2\/posts\/49811\/revisions"}],"wp:attachment":[{"href":"https:\/\/www.giurgiuveanul.ro\/stiri\/wp-json\/wp\/v2\/media?parent=49811"}],"wp:term":[{"taxonomy":"category","embeddable":true,"href":"https:\/\/www.giurgiuveanul.ro\/stiri\/wp-json\/wp\/v2\/categories?post=49811"},{"taxonomy":"post_tag","embeddable":true,"href":"https:\/\/www.giurgiuveanul.ro\/stiri\/wp-json\/wp\/v2\/tags?post=49811"}],"curies":[{"name":"wp","href":"https:\/\/api.w.org\/{rel}","templated":true}]}}