{"id":49830,"date":"2018-02-16T17:14:40","date_gmt":"2018-02-16T15:14:40","guid":{"rendered":"https:\/\/www.giurgiuveanul.ro\/stiri\/?p=49830"},"modified":"2018-02-16T17:32:21","modified_gmt":"2018-02-16T15:32:21","slug":"giurgiu-servicii-locale-pe-bulevardul-i-c-bratianu-se-planteaza-arbusti-ornamentali-exotici-copaci-tigareta-si-arbori-de-matase-foto","status":"publish","type":"post","link":"https:\/\/www.giurgiuveanul.ro\/stiri\/giurgiu-servicii-locale-pe-bulevardul-i-c-bratianu-se-planteaza-arbusti-ornamentali-exotici-copaci-tigareta-si-arbori-de-matase-foto\/","title":{"rendered":"Giurgiu Servicii Locale. Pe bulevardul I.C. Br\u0103tianu se planteaz\u0103 arbu\u015fti ornamentali exotici: copaci \u0163igaret\u0103 \u015fi arbori de m\u0103tase! (FOTO)"},"content":{"rendered":"<p style=\"text-align: justify;\"><strong><a href=\"https:\/\/www.giurgiuveanul.ro\/stiri\/wp-content\/uploads\/2018\/02\/IMG_0477.jpg\"><img loading=\"lazy\" decoding=\"async\" class=\"aligncenter size-large wp-image-49831\" src=\"https:\/\/www.giurgiuveanul.ro\/stiri\/wp-content\/uploads\/2018\/02\/IMG_0477-546x450.jpg\" alt=\"IMG_0477\" width=\"546\" height=\"450\" srcset=\"https:\/\/www.giurgiuveanul.ro\/stiri\/wp-content\/uploads\/2018\/02\/IMG_0477-546x450.jpg 546w, https:\/\/www.giurgiuveanul.ro\/stiri\/wp-content\/uploads\/2018\/02\/IMG_0477-250x206.jpg 250w, https:\/\/www.giurgiuveanul.ro\/stiri\/wp-content\/uploads\/2018\/02\/IMG_0477-400x330.jpg 400w, https:\/\/www.giurgiuveanul.ro\/stiri\/wp-content\/uploads\/2018\/02\/IMG_0477.jpg 800w\" sizes=\"auto, (max-width: 546px) 100vw, 546px\" \/><\/a>Giurgiu Servicii Locale (GSL) a finalizat opera\u0163iunile de<!--more--> t\u0103iere, dobor\u00e2re, fasonare \u015fi\/sau sau toaletare a copacilor, arborilor usca\u0163i, pomilor \u00eenal\u0163i \u015fi periculo\u015fi, realizate de personal autorizat, pe bulevardul I.C. Br\u0103tianu.<\/strong><\/p>\n<p style=\"text-align: justify;\"><a href=\"https:\/\/www.giurgiuveanul.ro\/stiri\/wp-content\/uploads\/2018\/02\/IMG_0481.jpg\"><img loading=\"lazy\" decoding=\"async\" class=\"aligncenter size-large wp-image-49832\" src=\"https:\/\/www.giurgiuveanul.ro\/stiri\/wp-content\/uploads\/2018\/02\/IMG_0481-518x450.jpg\" alt=\"IMG_0481\" width=\"518\" height=\"450\" srcset=\"https:\/\/www.giurgiuveanul.ro\/stiri\/wp-content\/uploads\/2018\/02\/IMG_0481-518x450.jpg 518w, https:\/\/www.giurgiuveanul.ro\/stiri\/wp-content\/uploads\/2018\/02\/IMG_0481-250x217.jpg 250w, https:\/\/www.giurgiuveanul.ro\/stiri\/wp-content\/uploads\/2018\/02\/IMG_0481-400x348.jpg 400w, https:\/\/www.giurgiuveanul.ro\/stiri\/wp-content\/uploads\/2018\/02\/IMG_0481.jpg 800w\" sizes=\"auto, (max-width: 518px) 100vw, 518px\" \/><\/a><\/p>\n<p style=\"text-align: justify;\">Potrivit directorului GSL Giurgiu, <strong>Silvian Dumitrache <\/strong><em>(foto jos)<\/em>, aceste lucr\u0103ri s-au efectuat acolo unde existau mai mul\u021bi arbori b\u0103tr\u00e2ni care prezentau un risc destul de ridicat,\u00a0 m\u0103sura fiind luat\u0103 pentru prevenirea eventualelor pagube \u015fi accidente, cauzate de fenomene meteo, dar \u0219i pentru siguran\u021ba cet\u0103\u021benilor.<\/p>\n<p style=\"text-align: justify;\"><a href=\"https:\/\/www.giurgiuveanul.ro\/stiri\/wp-content\/uploads\/2018\/02\/IMG_0478.jpg\"><img loading=\"lazy\" decoding=\"async\" class=\"aligncenter size-large wp-image-49833\" src=\"https:\/\/www.giurgiuveanul.ro\/stiri\/wp-content\/uploads\/2018\/02\/IMG_0478-491x450.jpg\" alt=\"IMG_0478\" width=\"491\" height=\"450\" srcset=\"https:\/\/www.giurgiuveanul.ro\/stiri\/wp-content\/uploads\/2018\/02\/IMG_0478-491x450.jpg 491w, https:\/\/www.giurgiuveanul.ro\/stiri\/wp-content\/uploads\/2018\/02\/IMG_0478-250x229.jpg 250w, https:\/\/www.giurgiuveanul.ro\/stiri\/wp-content\/uploads\/2018\/02\/IMG_0478-400x367.jpg 400w, https:\/\/www.giurgiuveanul.ro\/stiri\/wp-content\/uploads\/2018\/02\/IMG_0478.jpg 800w\" sizes=\"auto, (max-width: 491px) 100vw, 491px\" \/><\/a><\/p>\n<p style=\"text-align: justify;\">Directorul GSL, Silvian Dumitrache, a mai precizat, pentru \u201cGiurgiuveanul\u201d c\u0103 s-a trecut la plantarea de arbu\u0219ti ornamentali din specii deosebite, lucr\u0103rile fiind \u00een curs.<\/p>\n<p style=\"text-align: justify;\">\u00cencep\u00e2nd din acest an, dou\u0103 astfel de specii vor da o not\u0103 aparte bulevardului I.C. Br\u0103tianu. Este vorba despre <strong>catalpa<\/strong> \u015fi <strong>albizia<\/strong>.<\/p>\n<p style=\"text-align: justify;\"><strong>Catalpa Bignonioides Nana<\/strong> este o specie de copac Catalpa care mai este cunoscut si sub denumirea <em>de Copacul \u0162igaret\u0103 <\/em>sau<em> Copacul Fasole Indian<\/em>. Catalpa Nana este originar din Sud-Estul Statelor Unite. Catalpa Nana este un arbore foios care poate s\u0103 se dezvolte p\u00e2n\u0103 la o \u00een\u0103l\u0163ime de 4-5 metri fiind un arbore de talie mic\u0103.<\/p>\n<p style=\"text-align: justify;\"><a href=\"https:\/\/www.giurgiuveanul.ro\/stiri\/wp-content\/uploads\/2018\/02\/Albizia-Julibrissin-4.jpg\"><img loading=\"lazy\" decoding=\"async\" class=\"aligncenter size-large wp-image-49834\" src=\"https:\/\/www.giurgiuveanul.ro\/stiri\/wp-content\/uploads\/2018\/02\/Albizia-Julibrissin-4-560x315.jpg\" alt=\"Albizia-Julibrissin-4\" width=\"560\" height=\"315\" srcset=\"https:\/\/www.giurgiuveanul.ro\/stiri\/wp-content\/uploads\/2018\/02\/Albizia-Julibrissin-4-560x315.jpg 560w, https:\/\/www.giurgiuveanul.ro\/stiri\/wp-content\/uploads\/2018\/02\/Albizia-Julibrissin-4-250x141.jpg 250w, https:\/\/www.giurgiuveanul.ro\/stiri\/wp-content\/uploads\/2018\/02\/Albizia-Julibrissin-4-400x225.jpg 400w, https:\/\/www.giurgiuveanul.ro\/stiri\/wp-content\/uploads\/2018\/02\/Albizia-Julibrissin-4.jpg 1000w\" sizes=\"auto, (max-width: 560px) 100vw, 560px\" \/><\/a><\/p>\n<p style=\"text-align: justify;\"><strong>Albizia julibrissin<\/strong>, <em>arborele de matase<\/em> sau <em>mimosa<\/em>, este un arbore originar din estul Asiei. Genul Albizia din care face parte a primit denumirea dupa un nobil italian, Filippo degli Albizzi, care a introdus planta in Europa \u00een anul 1749.<\/p>\n<p style=\"text-align: justify;\"><a href=\"https:\/\/www.giurgiuveanul.ro\/stiri\/wp-content\/uploads\/2018\/02\/catalpa-bignonioides-005-v2-am136-3d-model-obj.jpg\"><img loading=\"lazy\" decoding=\"async\" class=\"aligncenter size-large wp-image-49835\" src=\"https:\/\/www.giurgiuveanul.ro\/stiri\/wp-content\/uploads\/2018\/02\/catalpa-bignonioides-005-v2-am136-3d-model-obj-450x450.jpg\" alt=\"catalpa-bignonioides-005-v2-am136-3d-model-obj\" width=\"450\" height=\"450\" srcset=\"https:\/\/www.giurgiuveanul.ro\/stiri\/wp-content\/uploads\/2018\/02\/catalpa-bignonioides-005-v2-am136-3d-model-obj-450x450.jpg 450w, https:\/\/www.giurgiuveanul.ro\/stiri\/wp-content\/uploads\/2018\/02\/catalpa-bignonioides-005-v2-am136-3d-model-obj-250x250.jpg 250w, https:\/\/www.giurgiuveanul.ro\/stiri\/wp-content\/uploads\/2018\/02\/catalpa-bignonioides-005-v2-am136-3d-model-obj-200x200.jpg 200w, https:\/\/www.giurgiuveanul.ro\/stiri\/wp-content\/uploads\/2018\/02\/catalpa-bignonioides-005-v2-am136-3d-model-obj-400x400.jpg 400w, https:\/\/www.giurgiuveanul.ro\/stiri\/wp-content\/uploads\/2018\/02\/catalpa-bignonioides-005-v2-am136-3d-model-obj.jpg 1000w\" sizes=\"auto, (max-width: 450px) 100vw, 450px\" \/><\/a><\/p>\n<p style=\"text-align: justify;\">A\u015fadar, iat\u0103 cele dou\u0103 specii de arbori ornamentali spectaculo\u015fi care vor da un aspect foarte frumos bulevardului I. C. Br\u0103tianu, cunoscut de giurgiuveni ca Eroilor.<\/p>\n<p style=\"text-align: justify;\">Activitatea \u00eentreprins\u0103 de angaja\u021bii GSL va continua \u015fi pe alte str\u0103zi, p\u00e2n\u0103 \u00een luna aprilie, atunci c\u00e2nd arborii vor intra \u00een perioada de vegeta\u021bie.<\/p>\n<p style=\"text-align: justify;\">At\u00e2t Prim\u0103ria Municipiului Giurgiu, c\u00e2t \u0219i Giurgiu Servicii Locale, aduc la cuno\u0219tin\u021ba cet\u0103\u021benilor c\u0103 pot trimite sesiz\u0103ri dac\u0103 exist\u0103 vreun arbore ce pune \u00een pericol siguran\u021ba public\u0103 pe adresa de email <a href=\"mailto:smartcity@primariagiurgiu.ro\">smartcity@primariagiurgiu.ro<\/a> sau direct pe paginile de facebook: Primaria Municipiului Giurgiu \u0219i Giurgiu Servicii Locale.<\/p>\n","protected":false},"excerpt":{"rendered":"<p>Giurgiu Servicii Locale (GSL) a finalizat opera\u0163iunile de<\/p>\n","protected":false},"author":1,"featured_media":0,"comment_status":"open","ping_status":"open","sticky":false,"template":"","format":"standard","meta":{"footnotes":""},"categories":[6],"tags":[],"class_list":["post-49830","post","type-post","status-publish","format-standard","hentry","category-breaking-news"],"_links":{"self":[{"href":"https:\/\/www.giurgiuveanul.ro\/stiri\/wp-json\/wp\/v2\/posts\/49830","targetHints":{"allow":["GET"]}}],"collection":[{"href":"https:\/\/www.giurgiuveanul.ro\/stiri\/wp-json\/wp\/v2\/posts"}],"about":[{"href":"https:\/\/www.giurgiuveanul.ro\/stiri\/wp-json\/wp\/v2\/types\/post"}],"author":[{"embeddable":true,"href":"https:\/\/www.giurgiuveanul.ro\/stiri\/wp-json\/wp\/v2\/users\/1"}],"replies":[{"embeddable":true,"href":"https:\/\/www.giurgiuveanul.ro\/stiri\/wp-json\/wp\/v2\/comments?post=49830"}],"version-history":[{"count":0,"href":"https:\/\/www.giurgiuveanul.ro\/stiri\/wp-json\/wp\/v2\/posts\/49830\/revisions"}],"wp:attachment":[{"href":"https:\/\/www.giurgiuveanul.ro\/stiri\/wp-json\/wp\/v2\/media?parent=49830"}],"wp:term":[{"taxonomy":"category","embeddable":true,"href":"https:\/\/www.giurgiuveanul.ro\/stiri\/wp-json\/wp\/v2\/categories?post=49830"},{"taxonomy":"post_tag","embeddable":true,"href":"https:\/\/www.giurgiuveanul.ro\/stiri\/wp-json\/wp\/v2\/tags?post=49830"}],"curies":[{"name":"wp","href":"https:\/\/api.w.org\/{rel}","templated":true}]}}